{"id":9944,"date":"2025-09-04T17:00:45","date_gmt":"2025-09-04T23:00:45","guid":{"rendered":"https:\/\/fge.oaxaca.gob.mx\/?post_type=noticias&amp;p=9944"},"modified":"2025-09-04T17:00:45","modified_gmt":"2025-09-04T23:00:45","slug":"boletin-1722-obtiene-fede-vinculacion-a-proceso-por-violencia-politica-contra-una-mujer-cometido-en-pochutla","status":"publish","type":"noticias","link":"https:\/\/portal.fgeo.gob.mx\/index.php\/archivos\/noticias\/boletin-1722-obtiene-fede-vinculacion-a-proceso-por-violencia-politica-contra-una-mujer-cometido-en-pochutla","title":{"rendered":"BOLET\u00cdN 1,722.- Obtiene FEDE vinculaci\u00f3n a proceso por violencia pol\u00edtica contra una mujer cometido en Pochutla"},"content":{"rendered":"<p>&nbsp;<\/p>\n<p>* Se realiz\u00f3 la difusi\u00f3n de informaci\u00f3n privada basada en estereotipos de g\u00e9nero e informaci\u00f3n falsa en torno a la Jornada Electoral a trav\u00e9s de medios electr\u00f3nicos y plataformas digitales<\/p>\n<p><strong>Oaxaca de Ju\u00e1rez, Oax. 04 de septiembre de 2025.- <\/strong>La Fiscal\u00eda General del Estado de Oaxaca (FGEO) obtuvo la vinculaci\u00f3n a proceso en contra de un hombre identificado como F.A.R., imputado por los delitos de Violencia Pol\u00edtica contra las Mujeres en Raz\u00f3n de G\u00e9nero y Delito Electoral, cometidos en el municipio de San Pedro Pochutla.<\/p>\n<p>De acuerdo con el expediente penal, los hechos ocurrieron en el marco del proceso electoral ordinario 2023\u20132024, cuando el imputado, de forma reiterada, habr\u00eda difundido informaci\u00f3n privada basada en estereotipos de g\u00e9nero e informaci\u00f3n falsa en torno a la Jornada Electoral a trav\u00e9s de medios electr\u00f3nicos y plataformas digitales; en dichas publicaciones, hizo alusi\u00f3n directa a la v\u00edctima menoscabando el ejercicio pleno de sus derechos pol\u00edticos-electorales.<\/p>\n<p>La instituci\u00f3n procuradora de justicia, a trav\u00e9s de la Fiscal\u00eda Especializada en Delitos Electorales (FEDE), present\u00f3 ante el Juez de la causa, los elementos suficientes que permitieron obtener la vinculaci\u00f3n a proceso a F.A.R., por los delitos de violencia pol\u00edtica contra las mujeres por raz\u00f3n de g\u00e9nero y delito electoral.<\/p>\n<p>La Fiscal\u00eda General del Estado de Oaxaca y la Fiscal\u00eda Especializada en Delitos Electorales, reafirman su compromiso con la erradicaci\u00f3n de la Violencia Pol\u00edtica de G\u00e9nero y la defensa de los Derechos Pol\u00edticos Electorales de las Mujeres para participar en condiciones de igualdad en la vida pol\u00edtica del estado.<\/p>\n<p><img fetchpriority=\"high\" decoding=\"async\" class=\"alignnone size-medium wp-image-9945\" src=\"https:\/\/portal.fgeo.gob.mx\/wp-content\/uploads\/2025\/09\/WhatsApp-Image-2025-09-04-at-3.35.03-PM-300x200.jpeg\" alt=\"\" width=\"300\" height=\"200\" \/><\/p>\n","protected":false},"author":2,"featured_media":9924,"comment_status":"closed","ping_status":"closed","template":"","tags":[],"categoria_noticias":[],"class_list":["post-9944","noticias","type-noticias","status-publish","has-post-thumbnail","hentry"],"acf":[],"mb":[],"mfb_rest_fields":["title","gutenberg_elementor_mode"],"_links":{"self":[{"href":"https:\/\/portal.fgeo.gob.mx\/index.php\/wp-json\/wp\/v2\/noticias\/9944","targetHints":{"allow":["GET"]}}],"collection":[{"href":"https:\/\/portal.fgeo.gob.mx\/index.php\/wp-json\/wp\/v2\/noticias"}],"about":[{"href":"https:\/\/portal.fgeo.gob.mx\/index.php\/wp-json\/wp\/v2\/types\/noticias"}],"author":[{"embeddable":true,"href":"https:\/\/portal.fgeo.gob.mx\/index.php\/wp-json\/wp\/v2\/users\/2"}],"replies":[{"embeddable":true,"href":"https:\/\/portal.fgeo.gob.mx\/index.php\/wp-json\/wp\/v2\/comments?post=9944"}],"wp:featuredmedia":[{"embeddable":true,"href":"https:\/\/portal.fgeo.gob.mx\/index.php\/wp-json\/"}],"wp:attachment":[{"href":"https:\/\/portal.fgeo.gob.mx\/index.php\/wp-json\/wp\/v2\/media?parent=9944"}],"wp:term":[{"taxonomy":"post_tag","embeddable":true,"href":"https:\/\/portal.fgeo.gob.mx\/index.php\/wp-json\/wp\/v2\/tags?post=9944"},{"taxonomy":"categoria_noticias","embeddable":true,"href":"https:\/\/portal.fgeo.gob.mx\/index.php\/wp-json\/wp\/v2\/categoria_noticias?post=9944"}],"curies":[{"name":"wp","href":"https:\/\/api.w.org\/{rel}","templated":true}]}}