{"id":9747,"date":"2025-08-21T08:30:18","date_gmt":"2025-08-21T14:30:18","guid":{"rendered":"https:\/\/fge.oaxaca.gob.mx\/?post_type=noticias&amp;p=9747"},"modified":"2025-08-21T08:30:18","modified_gmt":"2025-08-21T14:30:18","slug":"boletin-1678-fiscalia-de-oaxaca-obtiene-prision-y-vinculacion-a-proceso-contra-imputado-por-agresion-con-navaja-ocurrida-en-el-centro-de-la-capital","status":"publish","type":"noticias","link":"https:\/\/portal.fgeo.gob.mx\/index.php\/archivos\/noticias\/boletin-1678-fiscalia-de-oaxaca-obtiene-prision-y-vinculacion-a-proceso-contra-imputado-por-agresion-con-navaja-ocurrida-en-el-centro-de-la-capital","title":{"rendered":"BOLET\u00cdN 1,678.- Fiscal\u00eda de Oaxaca obtiene prisi\u00f3n y vinculaci\u00f3n a proceso contra imputado por agresi\u00f3n con navaja ocurrida en el Centro de la capital"},"content":{"rendered":"<p>&nbsp;<\/p>\n<p>* Una de las agresiones qued\u00f3 grabada en un video difundido a trav\u00e9s de redes sociales, en el que se observa a una persona del sexo masculino que agrede con un cuchillo a la v\u00edctima<\/p>\n<p><strong>\u00a0<\/strong><\/p>\n<p><strong>Oaxaca de Ju\u00e1rez, Oax. 21 de agosto de 2025.- <\/strong>La Fiscal\u00eda General del Estado de Oaxaca (FGEO) obtuvo auto de vinculaci\u00f3n a proceso en contra de una persona del sexo masculino identificada como P.F.H., por el delito de Lesiones Dolosas, luego de la agresi\u00f3n cometida en el Centro de la capital, hechos captados en video.<\/p>\n<p>&nbsp;<\/p>\n<p>De acuerdo con la investigaci\u00f3n ministerial realizada por la Fiscal\u00eda de Oaxaca, a trav\u00e9s de la Vicefiscal\u00eda Regional de Valles Centrales, que revel\u00f3 que los hechos ocurrieron el 16 de agosto de 2025, sobre la Calzada Madero, del Centro de la ciudad de Oaxaca de Ju\u00e1rez.<\/p>\n<p>&nbsp;<\/p>\n<p>Los trabajos ministeriales permitieron establecer que ese d\u00eda se registraron al menos dos agresiones con una navaja, ocurridos en la misma zona, uno de ellos qued\u00f3 grabado en un video que se difundi\u00f3 por redes sociales en el que se observa, al interior de una sala de espera de una terminal de transporte, un sujeto empu\u00f1a un arma punzo cortante y agrede a una persona sentada en el lugar.<\/p>\n<p>&nbsp;<\/p>\n<p>Posteriormente sale del sitio y agrede a una segunda persona quien tambi\u00e9n resulta lesionada, hechos por los cuales fue detenido por la Polic\u00eda Municipal de Oaxaca de Ju\u00e1rez, gracias a la activaci\u00f3n de protocolos de actuaci\u00f3n del Mando Metropolitano.<\/p>\n<p>&nbsp;<\/p>\n<p>Tras su detenci\u00f3n, la FGEO llev\u00f3 a cabo los trabajos legales correspondientes, obteniendo los datos de prueba suficientes para que el Juez dicte auto de vinculaci\u00f3n a proceso en contra del imputado identificado como P.F.H., por lo que se le dict\u00f3 la medida cautelar de prisi\u00f3n preventiva en el penal de Tanivet.<\/p>\n<p>&nbsp;<\/p>\n<p>La Fiscal\u00eda de Oaxaca realiza trabajos coordinados bajo el Mando Metropolitano para hacer m\u00e1s eficientes los esfuerzos interinstitucionales para garantizar la seguridad y los procesos de procuraci\u00f3n de justicia para la ciudadan\u00eda.<\/p>\n<p><img fetchpriority=\"high\" decoding=\"async\" class=\"alignnone size-medium wp-image-9748\" src=\"https:\/\/portal.fgeo.gob.mx\/wp-content\/uploads\/2025\/08\/Dise%C3%B1o-sin-t%C3%ADtulo-10-226x300.jpg\" alt=\"\" width=\"226\" height=\"300\" \/> <img decoding=\"async\" class=\"alignnone size-medium wp-image-9749\" src=\"https:\/\/portal.fgeo.gob.mx\/wp-content\/uploads\/2025\/08\/WhatsApp-Image-2025-08-21-at-7.45.14-AM-2-300x163.jpeg\" alt=\"\" width=\"300\" height=\"163\" \/> <img decoding=\"async\" class=\"alignnone size-medium wp-image-9750\" src=\"https:\/\/portal.fgeo.gob.mx\/wp-content\/uploads\/2025\/08\/WhatsApp-Image-2025-08-21-at-7.45.14-AM-1-300x182.jpeg\" alt=\"\" width=\"300\" height=\"182\" \/> <img loading=\"lazy\" decoding=\"async\" class=\"alignnone size-medium wp-image-9751\" src=\"https:\/\/portal.fgeo.gob.mx\/wp-content\/uploads\/2025\/08\/WhatsApp-Image-2025-08-21-at-7.45.14-AM-300x163.jpeg\" alt=\"\" width=\"300\" height=\"163\" \/><\/p>\n<p>&nbsp;<\/p>\n","protected":false},"author":2,"featured_media":9719,"comment_status":"closed","ping_status":"closed","template":"","tags":[],"categoria_noticias":[],"class_list":["post-9747","noticias","type-noticias","status-publish","has-post-thumbnail","hentry"],"acf":[],"mb":[],"mfb_rest_fields":["title","gutenberg_elementor_mode"],"_links":{"self":[{"href":"https:\/\/portal.fgeo.gob.mx\/index.php\/wp-json\/wp\/v2\/noticias\/9747","targetHints":{"allow":["GET"]}}],"collection":[{"href":"https:\/\/portal.fgeo.gob.mx\/index.php\/wp-json\/wp\/v2\/noticias"}],"about":[{"href":"https:\/\/portal.fgeo.gob.mx\/index.php\/wp-json\/wp\/v2\/types\/noticias"}],"author":[{"embeddable":true,"href":"https:\/\/portal.fgeo.gob.mx\/index.php\/wp-json\/wp\/v2\/users\/2"}],"replies":[{"embeddable":true,"href":"https:\/\/portal.fgeo.gob.mx\/index.php\/wp-json\/wp\/v2\/comments?post=9747"}],"wp:featuredmedia":[{"embeddable":true,"href":"https:\/\/portal.fgeo.gob.mx\/index.php\/wp-json\/"}],"wp:attachment":[{"href":"https:\/\/portal.fgeo.gob.mx\/index.php\/wp-json\/wp\/v2\/media?parent=9747"}],"wp:term":[{"taxonomy":"post_tag","embeddable":true,"href":"https:\/\/portal.fgeo.gob.mx\/index.php\/wp-json\/wp\/v2\/tags?post=9747"},{"taxonomy":"categoria_noticias","embeddable":true,"href":"https:\/\/portal.fgeo.gob.mx\/index.php\/wp-json\/wp\/v2\/categoria_noticias?post=9747"}],"curies":[{"name":"wp","href":"https:\/\/api.w.org\/{rel}","templated":true}]}}