{"id":9502,"date":"2025-07-10T14:57:40","date_gmt":"2025-07-10T20:57:40","guid":{"rendered":"https:\/\/fge.oaxaca.gob.mx\/?post_type=noticias&amp;p=9502"},"modified":"2025-07-10T14:57:40","modified_gmt":"2025-07-10T20:57:40","slug":"boletin-1591-disputa-entre-sindicatos-principal-linea-de-investigacion-en-caso-de-homicidio-de-lider-de-transportistas-en-el-parque-del-amor-fiscal-de-oaxaca-bernardo-rodriguez-alamilla","status":"publish","type":"noticias","link":"https:\/\/portal.fgeo.gob.mx\/index.php\/archivos\/noticias\/boletin-1591-disputa-entre-sindicatos-principal-linea-de-investigacion-en-caso-de-homicidio-de-lider-de-transportistas-en-el-parque-del-amor-fiscal-de-oaxaca-bernardo-rodriguez-alamilla","title":{"rendered":"BOLET\u00cdN 1,591.- Disputa entre sindicatos, principal l\u00ednea de investigaci\u00f3n en caso de homicidio de l\u00edder de transportistas en el Parque del Amor: Fiscal de Oaxaca Bernardo Rodr\u00edguez Alamilla"},"content":{"rendered":"<p style=\"font-weight: 400\"><strong>Oaxaca de Ju\u00e1rez, Oax. 10 de julio de 2025.-<\/strong>\u00a0Durante la conferencia del Gabinete de Seguridad, el Fiscal General del Estado de Oaxaca, Bernardo Rodr\u00edguez Alamilla, inform\u00f3 que la principal l\u00ednea de investigaci\u00f3n es una disputa entre sindicatos de transportistas, respecto al homicidio de J.Y.L.V. y tres personas m\u00e1s, ocurrido el pasado martes en el &#8220;Parque del Amor&#8221; en la periferia de la capital.<\/p>\n<p style=\"font-weight: 400\">\n<p style=\"font-weight: 400\">El titular de la Fiscal\u00eda General del Estado de Oaxaca, Bernardo Rodr\u00edguez Alamilla, explic\u00f3 que est\u00e1n abiertas todas las l\u00edneas de investigaci\u00f3n, lo que permiti\u00f3 determinar que en los hechos participaron varios veh\u00edculos, entre los que se encuentran dos camionetas y dos motocicletas, as\u00ed como alrededor de 11 personas.<\/p>\n<p style=\"font-weight: 400\">\n<p style=\"font-weight: 400\">El Fiscal de Oaxaca detall\u00f3 que, a trav\u00e9s de las c\u00e1maras que forman parte del Centro de Control, Comando y Comunicaci\u00f3n (C4), se pudo determinar que las v\u00edctimas ven\u00edan de una persecuci\u00f3n que inici\u00f3 en la Central de Abasto, y que hubo una agresi\u00f3n previa, hasta que finalmente realizaron el ataque en la zona del Parque del Amor, en el municipio de Oaxaca de Ju\u00e1rez.<\/p>\n<p style=\"font-weight: 400\">\n<p style=\"font-weight: 400\">Rodr\u00edguez Alamilla puntualiz\u00f3 que, como resultado de las indagatorias el mismo d\u00eda fue localizada una camioneta marca JAC de color rojo con placas del estado de Puebla, que fue abandonada en calles de Santa Cruz Xoxocotl\u00e1n, la cual estuvo posiblemente involucrada en los hechos, adem\u00e1s se estableci\u00f3 que la ruta de escape de otra de las camionetas fue con direcci\u00f3n a la agencia de San Juan Chapultepec.<\/p>\n<p style=\"font-weight: 400\">\n<p style=\"font-weight: 400\">El Fiscal indic\u00f3 que, adem\u00e1s de J.Y.L.V., entre las v\u00edctimas est\u00e1n una mujer de 29 a\u00f1os, un ni\u00f1o de nueve a\u00f1os y otro hombre, quienes viajaban en el mismo veh\u00edculo, y a\u00f1adi\u00f3 que la Fiscal\u00eda de Oaxaca mantiene contacto con las familias de las personas fallecidas como v\u00edctimas indirectas de este delito, a quienes se les brinda acompa\u00f1amiento en el proceso de investigaci\u00f3n.<\/p>\n<p style=\"font-weight: 400\">\n<p style=\"font-weight: 400\">Finalmente, el Fiscal General del Estado de Oaxaca, Bernardo Rodr\u00edguez Alamilla subray\u00f3 que todas las l\u00edneas de investigaci\u00f3n est\u00e1n abiertas, sin embargo, la l\u00ednea principal es la disputa entre sindicatos. En tanto que, los trabajos de investigaci\u00f3n contin\u00faan con el objetivo de obtener toda la informaci\u00f3n necesaria que permita esclarecer lo ocurrido y se presente ante las autoridades correspondientes a quien o quienes resulten responsables.<\/p>\n<p style=\"font-weight: 400\"><img fetchpriority=\"high\" decoding=\"async\" class=\"alignnone size-medium wp-image-9503\" src=\"https:\/\/portal.fgeo.gob.mx\/wp-content\/uploads\/2025\/07\/WhatsApp-Image-2025-07-10-at-2.44.18-PM-3-300x225.jpeg\" alt=\"\" width=\"300\" height=\"225\" \/> <img decoding=\"async\" class=\"alignnone size-medium wp-image-9504\" src=\"https:\/\/portal.fgeo.gob.mx\/wp-content\/uploads\/2025\/07\/WhatsApp-Image-2025-07-10-at-2.44.18-PM-2-300x225.jpeg\" alt=\"\" width=\"300\" height=\"225\" \/> <img decoding=\"async\" class=\"alignnone size-medium wp-image-9505\" src=\"https:\/\/portal.fgeo.gob.mx\/wp-content\/uploads\/2025\/07\/WhatsApp-Image-2025-07-10-at-2.44.18-PM-1-300x200.jpeg\" alt=\"\" width=\"300\" height=\"200\" \/> <img loading=\"lazy\" decoding=\"async\" class=\"alignnone size-medium wp-image-9506\" src=\"https:\/\/portal.fgeo.gob.mx\/wp-content\/uploads\/2025\/07\/WhatsApp-Image-2025-07-10-at-2.44.18-PM-300x200.jpeg\" alt=\"\" width=\"300\" height=\"200\" \/><\/p>\n","protected":false},"author":2,"featured_media":9436,"comment_status":"closed","ping_status":"closed","template":"","tags":[],"categoria_noticias":[],"class_list":["post-9502","noticias","type-noticias","status-publish","has-post-thumbnail","hentry"],"acf":[],"mb":[],"mfb_rest_fields":["title","gutenberg_elementor_mode"],"_links":{"self":[{"href":"https:\/\/portal.fgeo.gob.mx\/index.php\/wp-json\/wp\/v2\/noticias\/9502","targetHints":{"allow":["GET"]}}],"collection":[{"href":"https:\/\/portal.fgeo.gob.mx\/index.php\/wp-json\/wp\/v2\/noticias"}],"about":[{"href":"https:\/\/portal.fgeo.gob.mx\/index.php\/wp-json\/wp\/v2\/types\/noticias"}],"author":[{"embeddable":true,"href":"https:\/\/portal.fgeo.gob.mx\/index.php\/wp-json\/wp\/v2\/users\/2"}],"replies":[{"embeddable":true,"href":"https:\/\/portal.fgeo.gob.mx\/index.php\/wp-json\/wp\/v2\/comments?post=9502"}],"wp:featuredmedia":[{"embeddable":true,"href":"https:\/\/portal.fgeo.gob.mx\/index.php\/wp-json\/"}],"wp:attachment":[{"href":"https:\/\/portal.fgeo.gob.mx\/index.php\/wp-json\/wp\/v2\/media?parent=9502"}],"wp:term":[{"taxonomy":"post_tag","embeddable":true,"href":"https:\/\/portal.fgeo.gob.mx\/index.php\/wp-json\/wp\/v2\/tags?post=9502"},{"taxonomy":"categoria_noticias","embeddable":true,"href":"https:\/\/portal.fgeo.gob.mx\/index.php\/wp-json\/wp\/v2\/categoria_noticias?post=9502"}],"curies":[{"name":"wp","href":"https:\/\/api.w.org\/{rel}","templated":true}]}}