{"id":9432,"date":"2025-07-02T13:17:57","date_gmt":"2025-07-02T19:17:57","guid":{"rendered":"https:\/\/fge.oaxaca.gob.mx\/?post_type=noticias&amp;p=9432"},"modified":"2025-07-02T13:17:57","modified_gmt":"2025-07-02T19:17:57","slug":"boletin-operacion-sable-capturan-a-m-r-s-n-alias-el-marianin-uno-de-los-principales-operadores-de-la-celula-delictiva-del-comandante-cromo-que-opera-en-el-istm","status":"publish","type":"noticias","link":"https:\/\/portal.fgeo.gob.mx\/index.php\/archivos\/noticias\/boletin-operacion-sable-capturan-a-m-r-s-n-alias-el-marianin-uno-de-los-principales-operadores-de-la-celula-delictiva-del-comandante-cromo-que-opera-en-el-istm","title":{"rendered":"BOLET\u00cdN OPERACI\u00d3N SABLE.- Capturan a M.R.S.N., alias \u201cEl Marian\u00edn\u201d, uno de los principales operadores de la c\u00e9lula delictiva del \u201cComandante Cromo\u201d que opera en el Istmo de Tehuantepec: Fiscal\u00eda de Oaxaca"},"content":{"rendered":"<p style=\"font-weight: 400\">\u00a0<strong>Oaxaca de Ju\u00e1rez, Oax. 02 de julio de 2025.-<\/strong>\u00a0Como parte de los resultados por el despliegue de la \u201cOperaci\u00f3n Sable\u201d, en la que colabora directamente la Fiscal\u00eda General del Estado de Oaxaca (FGEO), se llev\u00f3 a cabo la detenci\u00f3n de una persona del sexo masculino identificada como M.R.S.N., alias \u201cEl Marian\u00edn\u201d, por el delito de homicidio calificado con ventaja, quien ser\u00eda parte del primer c\u00edrculo dentro de la c\u00e9lula delictiva encabezada por el \u201cComandante Cromo\u201d, la cual opera en la regi\u00f3n del Istmo de Tehuantepec.<\/p>\n<p style=\"font-weight: 400\">Conforme a la carpeta de investigaci\u00f3n, los hechos que se le imputan ocurrieron el 08 de abril de 2025, cuando la v\u00edctima identificada como A.G.M., era perseguido por un grupo de personas armadas, en inmediaciones de la calle Valent\u00edn G\u00f3mez Farias, en la poblaci\u00f3n de la Venta, jurisdicci\u00f3n de Juchit\u00e1n De Zaragoza.<\/p>\n<p style=\"font-weight: 400\">La investigaci\u00f3n revela que, en el lugar, la v\u00edctima fue agredida con disparos de arma de fuego, resultando con lesiones en diversas partes del cuerpo, a consecuencia de las cuales perdi\u00f3 la vida.<\/p>\n<p style=\"font-weight: 400\">La Fiscal\u00eda de Oaxaca tom\u00f3 conocimiento para iniciar las labores ministeriales; como resultado de los trabajos de inteligencia criminal en torno a estos hechos, se realizaron los trabajos coordinados con la Secretar\u00eda de la Defensa\u00a0Nacional (DEFENSA), Secretar\u00eda de Marina (SEMAR), Guardia Nacional y Polic\u00eda Estatal, por los cuales se llevaron a cabo acciones directas en las que se logr\u00f3 ejecutar la orden de aprehensi\u00f3n correspondiente por el delito de homicidio calificado con ventaja, lo cual permiti\u00f3 la detenci\u00f3n de M.R.S.N., alias \u201cEl Marian\u00edn\u201d, capturado en el municipio de Juchit\u00e1n de Zaragoza.<\/p>\n<p style=\"font-weight: 400\">Luego de hacer un estudio de an\u00e1lisis y contexto sobre las actividades de M.R.S.N., alias \u201cEl Marian\u00edn\u201d, la Fiscal\u00eda de Oaxaca estableci\u00f3 que el detenido estar\u00eda vinculado directamente al primer c\u00edrculo de confianza dentro de la estructura criminal de la c\u00e9lula delictiva del \u201cComandante Cromo\u201d, una de las principales generadoras de violencia en la regi\u00f3n del Istmo.<\/p>\n<p style=\"font-weight: 400\">Mientras que, en diferentes operativos para desarticular esta c\u00e9lula delictiva, se ha logrado la detenci\u00f3n de\u00a0 A.M.L., alias \u201cEl Wer\u00edn\u201d (Detenido el 24\/04\/2024); R.M.S., alias \u201cBalatas\u201d (Detenido el 31\/07\/2024); M.A.T.M.,\u00a0 alias \u201cHenry\u201d, que era chofer y escolta personal del \u201cComandante Cromo\u201d (Detenido el 03\/11\/2024); y J.F.C.O., probable sicario de esta organizaci\u00f3n (detenido 31\/03\/2025); P.A.T.V., alias \u201cEl Tonche\u201d quien ser\u00eda parte de la segunda l\u00ednea de mando dentro de la estructura criminal de la banda del \u201cComandante Cromo\u201d; A.S.T., alias \u201cNa Shio Ter\u00e1n\u201d madre del comandante &#8220;Cromo&#8221; (Detenida en abril de 2024), as\u00ed como C.I.S.S. y T.S.M., hermana y padre del \u201cComandante Cromo\u201d (Detenidos en junio de 2025); adem\u00e1s de N.J.J.C., alias \u201cChico Bala\u201d; J.A.S.S., alias \u201cChuy\u201d; B.A.C.S., alias \u201cPapaya\u201d y C.E.BC., alias \u201cCachorro\u201d (detenidos el 18\/06\/25) en distintas zonas de la ciudad de Juchit\u00e1n de Zaragoza.<\/p>\n<p style=\"font-weight: 400\">Este tipo de acciones conjuntas en las que participa la Fiscal\u00eda General del Estado de Oaxaca que est\u00e1n coordinadas a trav\u00e9s de la Operaci\u00f3n Sable, tienen como objetivo el combate al fen\u00f3meno delictivo en la regi\u00f3n del Istmo de Tehuantepec, logrando la captura de m\u00e1s de 65 personas desde su implementaci\u00f3n.<\/p>\n<p style=\"font-weight: 400\"><img fetchpriority=\"high\" decoding=\"async\" class=\"alignnone size-medium wp-image-9433\" src=\"https:\/\/portal.fgeo.gob.mx\/wp-content\/uploads\/2025\/07\/Dise%C3%B1o-sin-t%C3%ADtulo-2-226x300.jpg\" alt=\"\" width=\"226\" height=\"300\" \/><\/p>\n","protected":false},"author":2,"featured_media":9401,"comment_status":"closed","ping_status":"closed","template":"","tags":[],"categoria_noticias":[],"class_list":["post-9432","noticias","type-noticias","status-publish","has-post-thumbnail","hentry"],"acf":[],"mb":[],"mfb_rest_fields":["title","gutenberg_elementor_mode"],"_links":{"self":[{"href":"https:\/\/portal.fgeo.gob.mx\/index.php\/wp-json\/wp\/v2\/noticias\/9432","targetHints":{"allow":["GET"]}}],"collection":[{"href":"https:\/\/portal.fgeo.gob.mx\/index.php\/wp-json\/wp\/v2\/noticias"}],"about":[{"href":"https:\/\/portal.fgeo.gob.mx\/index.php\/wp-json\/wp\/v2\/types\/noticias"}],"author":[{"embeddable":true,"href":"https:\/\/portal.fgeo.gob.mx\/index.php\/wp-json\/wp\/v2\/users\/2"}],"replies":[{"embeddable":true,"href":"https:\/\/portal.fgeo.gob.mx\/index.php\/wp-json\/wp\/v2\/comments?post=9432"}],"wp:featuredmedia":[{"embeddable":true,"href":"https:\/\/portal.fgeo.gob.mx\/index.php\/wp-json\/"}],"wp:attachment":[{"href":"https:\/\/portal.fgeo.gob.mx\/index.php\/wp-json\/wp\/v2\/media?parent=9432"}],"wp:term":[{"taxonomy":"post_tag","embeddable":true,"href":"https:\/\/portal.fgeo.gob.mx\/index.php\/wp-json\/wp\/v2\/tags?post=9432"},{"taxonomy":"categoria_noticias","embeddable":true,"href":"https:\/\/portal.fgeo.gob.mx\/index.php\/wp-json\/wp\/v2\/categoria_noticias?post=9432"}],"curies":[{"name":"wp","href":"https:\/\/api.w.org\/{rel}","templated":true}]}}