{"id":9361,"date":"2025-06-24T14:01:16","date_gmt":"2025-06-24T20:01:16","guid":{"rendered":"https:\/\/fge.oaxaca.gob.mx\/?post_type=noticias&amp;p=9361"},"modified":"2025-06-24T14:01:16","modified_gmt":"2025-06-24T20:01:16","slug":"boletin-1555-obtiene-fgeo-sentencia-de-53-anos-de-prision-contra-responsable-de-violacion-de-una-persona-con-discapacidad-intelectual-ocurrida-en-el-valle-de-etla","status":"publish","type":"noticias","link":"https:\/\/portal.fgeo.gob.mx\/index.php\/archivos\/noticias\/boletin-1555-obtiene-fgeo-sentencia-de-53-anos-de-prision-contra-responsable-de-violacion-de-una-persona-con-discapacidad-intelectual-ocurrida-en-el-valle-de-etla","title":{"rendered":"BOLET\u00cdN 1,555.-Obtiene FGEO sentencia de 53 a\u00f1os de prisi\u00f3n contra responsable de violaci\u00f3n de una persona con discapacidad intelectual, ocurrida en el Valle de Etla"},"content":{"rendered":"<div><\/div>\n<div><\/div>\n<div>\n<div class=\"\">\n<div class=\"public-DraftStyleDefault-block public-DraftStyleDefault-ltr\"><\/div>\n<\/div>\n<\/div>\n<div>\n<div class=\"\">\n<div class=\"public-DraftStyleDefault-block public-DraftStyleDefault-ltr\"><span>Oaxaca de Ju\u00e1rez, Oax. 24 de junio de 2025.- Como parte de las acciones para procurar justicia en favor de ni\u00f1as, ni\u00f1os y adolescentes, la Fiscal\u00eda General del Estado de Oaxaca (FGEO) obtuvo una sentencia condenatoria de 53 a\u00f1os y tres meses de prisi\u00f3n en contra de una persona identificada como L\u00e1zaro R.H. o L\u00e1zaro A..R.H., por la comisi\u00f3n del delito de violaci\u00f3n equiparada agravada en agravio de una persona diagnosticada con una discapacidad intelectual, cometido en la regi\u00f3n de los Valles Centrales.<\/span><\/div>\n<\/div>\n<\/div>\n<div>\n<div class=\"\">\n<div class=\"public-DraftStyleDefault-block public-DraftStyleDefault-ltr\"><span>\u00a0<\/span><\/div>\n<\/div>\n<\/div>\n<div>\n<div class=\"\">\n<div class=\"public-DraftStyleDefault-block public-DraftStyleDefault-ltr\"><span>De acuerdo con lo asentado en el expediente penal, los hechos sucedieron en diferentes fechas de los a\u00f1os 2010 y 2020, en un domicilio particular ubicado en la calle Emiliano Zapata del Barrio Arriba perteneciente al municipio de Nazareno Etla, sitio en donde la v\u00edctima -cuya identidad est\u00e1 reservada por ley-, quien sufri\u00f3 agresiones sexuales por parte de L\u00e1zaro R.H., o L\u00e1zaro R.H.,<\/span><\/div>\n<\/div>\n<\/div>\n<div class=\"public-DraftStyleDefault-block public-DraftStyleDefault-ltr\"><\/div>\n<div class=\"public-DraftStyleDefault-block public-DraftStyleDefault-ltr\"><img fetchpriority=\"high\" decoding=\"async\" class=\"size-medium wp-image-9362 aligncenter\" src=\"https:\/\/portal.fgeo.gob.mx\/wp-content\/uploads\/2025\/06\/IMAGEN-BOLET%C3%8DN-1555-218x300.png\" alt=\"\" width=\"218\" height=\"300\" \/><\/div>\n<div class=\"public-DraftStyleDefault-block public-DraftStyleDefault-ltr\"><\/div>\n<div class=\"public-DraftStyleDefault-block public-DraftStyleDefault-ltr\"><\/div>\n<div>\n<div class=\"\">\n<div class=\"public-DraftStyleDefault-block public-DraftStyleDefault-ltr\"><span>Luego de tener conocimiento de los hechos, la Fiscal\u00eda de Oaxaca a trav\u00e9s de la Vicefiscal\u00eda General de Control Regional inici\u00f3 la carpeta de investigaci\u00f3n correspondiente y realiz\u00f3 los trabajos ministeriales con perspectiva de infancia y g\u00e9nero, lo que permiti\u00f3 obtener una orden de aprehensi\u00f3n contra el hoy sentenciado y con ello, llevarlo ante el Juez que lo requiri\u00f3.<\/span><\/div>\n<\/div>\n<\/div>\n<div class=\"public-DraftStyleDefault-block public-DraftStyleDefault-ltr\"><span>\u00a0<\/span><\/div>\n<div>\n<div class=\"\">\n<div class=\"public-DraftStyleDefault-block public-DraftStyleDefault-ltr\"><span>En audiencia y tras validar los datos de prueba proporcionados por la FGEO, el Juez en turno dict\u00f3 sentencia condenatoria de 53 a\u00f1os y tres meses de prisi\u00f3n en contra de L\u00e1zaro R.H. o L\u00e1zaro A.R.H., por su responsabilidad en la comisi\u00f3n del delito de violaci\u00f3n equiparada agravada, adem\u00e1s de imponer una multa econ\u00f3mica y el pago por reparaci\u00f3n del da\u00f1o.<\/span><\/div>\n<\/div>\n<\/div>\n<div>\n<div class=\"\">\n<div class=\"public-DraftStyleDefault-block public-DraftStyleDefault-ltr\"><span>\u00a0<\/span><\/div>\n<\/div>\n<\/div>\n<div>\n<div class=\"\">\n<div class=\"public-DraftStyleDefault-block public-DraftStyleDefault-ltr\"><span>La Fiscal\u00eda de Oaxaca reitera su compromiso de garantizar un adecuado proceso de procuraci\u00f3n de justicia, especialmente en casos de delitos sexuales en los que las v\u00edctimas sean ni\u00f1as, ni\u00f1os o adolescentes, para presentar ante la justicia a quien o quienes resulten responsables.<\/span><\/div>\n<\/div>\n<\/div>\n","protected":false},"author":2,"featured_media":9355,"comment_status":"closed","ping_status":"closed","template":"","tags":[],"categoria_noticias":[],"class_list":["post-9361","noticias","type-noticias","status-publish","has-post-thumbnail","hentry"],"acf":[],"mb":[],"mfb_rest_fields":["title","gutenberg_elementor_mode"],"_links":{"self":[{"href":"https:\/\/portal.fgeo.gob.mx\/index.php\/wp-json\/wp\/v2\/noticias\/9361","targetHints":{"allow":["GET"]}}],"collection":[{"href":"https:\/\/portal.fgeo.gob.mx\/index.php\/wp-json\/wp\/v2\/noticias"}],"about":[{"href":"https:\/\/portal.fgeo.gob.mx\/index.php\/wp-json\/wp\/v2\/types\/noticias"}],"author":[{"embeddable":true,"href":"https:\/\/portal.fgeo.gob.mx\/index.php\/wp-json\/wp\/v2\/users\/2"}],"replies":[{"embeddable":true,"href":"https:\/\/portal.fgeo.gob.mx\/index.php\/wp-json\/wp\/v2\/comments?post=9361"}],"wp:featuredmedia":[{"embeddable":true,"href":"https:\/\/portal.fgeo.gob.mx\/index.php\/wp-json\/"}],"wp:attachment":[{"href":"https:\/\/portal.fgeo.gob.mx\/index.php\/wp-json\/wp\/v2\/media?parent=9361"}],"wp:term":[{"taxonomy":"post_tag","embeddable":true,"href":"https:\/\/portal.fgeo.gob.mx\/index.php\/wp-json\/wp\/v2\/tags?post=9361"},{"taxonomy":"categoria_noticias","embeddable":true,"href":"https:\/\/portal.fgeo.gob.mx\/index.php\/wp-json\/wp\/v2\/categoria_noticias?post=9361"}],"curies":[{"name":"wp","href":"https:\/\/api.w.org\/{rel}","templated":true}]}}