{"id":9256,"date":"2025-06-13T16:03:32","date_gmt":"2025-06-13T22:03:32","guid":{"rendered":"https:\/\/fge.oaxaca.gob.mx\/?post_type=noticias&amp;p=9256"},"modified":"2025-06-13T16:03:32","modified_gmt":"2025-06-13T22:03:32","slug":"obtiene-fgeo-vinculacion-a-proceso-y-prision-contra-tres-imputados-por-robo-con-violencia-cometido-en-el-centro-historico-de-oaxaca-de-juarez","status":"publish","type":"noticias","link":"https:\/\/portal.fgeo.gob.mx\/index.php\/archivos\/noticias\/obtiene-fgeo-vinculacion-a-proceso-y-prision-contra-tres-imputados-por-robo-con-violencia-cometido-en-el-centro-historico-de-oaxaca-de-juarez","title":{"rendered":"BOLET\u00cdN 1.533.- Obtiene FGEO vinculaci\u00f3n a proceso y prisi\u00f3n contra tres imputados por robo con violencia cometido en el Centro Hist\u00f3rico de Oaxaca de Ju\u00e1rez"},"content":{"rendered":"<p><strong>Oaxaca de Ju\u00e1rez, Oax. 13 de junio de 2025.-<\/strong> La Fiscal\u00eda General del Estado de Oaxaca (FGEO) obtuvo auto de Vinculaci\u00f3n a Proceso y prisi\u00f3n preventiva contra tres personas, dos mujeres identificadas como M.C.R.M. y Z.R.G., as\u00ed como en contra de S.D.O.S., imputados por el delito de robo con violencia cometido en el centro de la capital.<\/p>\n<p>De acuerdo con el expediente penal del caso, los hechos que se les imputan ocurrieron la tarde del 05 de junio de 2025 en la calle de Armenta y L\u00f3pez, en la colonia Centro de la ciudad de Oaxaca, cuando la v\u00edctima, una persona adulta mayor, fue interceptada por un grupo de personas que la despojaron de sus pertenencias, para luego tratar de esconderlas y huir del lugar.<\/p>\n<p>Cuando la v\u00edctima se percat\u00f3 que le hab\u00edan robado, solicit\u00f3 el apoyo de la Polic\u00eda Estatal que dio la atenci\u00f3n y llev\u00f3 a cabo la detenci\u00f3n de tres personas que se identificaron como S.D.O.S. as\u00ed como de M.C.R.M. y Z.R.G., quienes quedaron a disposici\u00f3n del Ministerio P\u00fablico de la Vicefiscal\u00eda Regional de Valles Centrales; las investigaciones revelaron que dichas personas estar\u00edan vinculadas con una banda de carteristas que opera en esa zona de la ciudad de Oaxaca de Ju\u00e1rez.<\/p>\n<p>Luego que la FGEO present\u00f3 los datos de pruebas correspondientes, el Juez que atiende la causa analiz\u00f3 el caso y resolvi\u00f3 vincular a proceso a S.D.O.S., M.C.R.M. y Z.R.G., por el delito de robo con violencia, adem\u00e1s de imponer la medida cautelar de prisi\u00f3n preventiva justificada.<\/p>\n<p>La Fiscal\u00eda de Oaxaca lleva a cabo trabajos ministeriales efectivos a favor de las v\u00edctimas, para que tengan pleno acceso a la justicia.<\/p>\n<figure id=\"attachment_9257\" aria-describedby=\"caption-attachment-9257\" style=\"width: 300px\" class=\"wp-caption alignnone\"><img fetchpriority=\"high\" decoding=\"async\" class=\"size-medium wp-image-9257\" src=\"https:\/\/portal.fgeo.gob.mx\/wp-content\/uploads\/2025\/06\/Dise%C3%B1o-sin-t%C3%ADtulo-1-1-300x174.jpg\" alt=\"\" width=\"300\" height=\"174\" \/><figcaption id=\"caption-attachment-9257\" class=\"wp-caption-text\">Dise\u00f1o sin t\u00edtulo &#8211; 1<\/figcaption><\/figure>\n<figure id=\"attachment_9258\" aria-describedby=\"caption-attachment-9258\" style=\"width: 300px\" class=\"wp-caption alignnone\"><img decoding=\"async\" class=\"size-medium wp-image-9258\" src=\"https:\/\/portal.fgeo.gob.mx\/wp-content\/uploads\/2025\/06\/Dise%C3%B1o-sin-t%C3%ADtulo-11-300x160.jpg\" alt=\"\" width=\"300\" height=\"160\" \/><figcaption id=\"caption-attachment-9258\" class=\"wp-caption-text\">Dise\u00f1o sin t\u00edtulo &#8211; 1<\/figcaption><\/figure>\n<p><img decoding=\"async\" class=\"alignnone size-medium wp-image-9259\" src=\"https:\/\/portal.fgeo.gob.mx\/wp-content\/uploads\/2025\/06\/Dise%C3%B1o-sin-t%C3%ADtulo-2-1-300x225.jpg\" alt=\"\" width=\"300\" height=\"225\" \/><\/p>\n","protected":false},"author":2,"featured_media":9255,"comment_status":"closed","ping_status":"closed","template":"","tags":[],"categoria_noticias":[],"class_list":["post-9256","noticias","type-noticias","status-publish","has-post-thumbnail","hentry"],"acf":[],"mb":[],"mfb_rest_fields":["title","gutenberg_elementor_mode"],"_links":{"self":[{"href":"https:\/\/portal.fgeo.gob.mx\/index.php\/wp-json\/wp\/v2\/noticias\/9256","targetHints":{"allow":["GET"]}}],"collection":[{"href":"https:\/\/portal.fgeo.gob.mx\/index.php\/wp-json\/wp\/v2\/noticias"}],"about":[{"href":"https:\/\/portal.fgeo.gob.mx\/index.php\/wp-json\/wp\/v2\/types\/noticias"}],"author":[{"embeddable":true,"href":"https:\/\/portal.fgeo.gob.mx\/index.php\/wp-json\/wp\/v2\/users\/2"}],"replies":[{"embeddable":true,"href":"https:\/\/portal.fgeo.gob.mx\/index.php\/wp-json\/wp\/v2\/comments?post=9256"}],"wp:featuredmedia":[{"embeddable":true,"href":"https:\/\/portal.fgeo.gob.mx\/index.php\/wp-json\/"}],"wp:attachment":[{"href":"https:\/\/portal.fgeo.gob.mx\/index.php\/wp-json\/wp\/v2\/media?parent=9256"}],"wp:term":[{"taxonomy":"post_tag","embeddable":true,"href":"https:\/\/portal.fgeo.gob.mx\/index.php\/wp-json\/wp\/v2\/tags?post=9256"},{"taxonomy":"categoria_noticias","embeddable":true,"href":"https:\/\/portal.fgeo.gob.mx\/index.php\/wp-json\/wp\/v2\/categoria_noticias?post=9256"}],"curies":[{"name":"wp","href":"https:\/\/api.w.org\/{rel}","templated":true}]}}