{"id":9112,"date":"2025-05-28T09:32:38","date_gmt":"2025-05-28T15:32:38","guid":{"rendered":"https:\/\/fge.oaxaca.gob.mx\/?post_type=noticias&amp;p=9112"},"modified":"2025-05-28T09:32:38","modified_gmt":"2025-05-28T15:32:38","slug":"boletin-1487-obtiene-fgeo-sentencia-de-45-anos-de-prision-contra-responsable-de-violacion-en-agravio-de-un-nino-cometida-en-la-region-de-la-costa","status":"publish","type":"noticias","link":"https:\/\/portal.fgeo.gob.mx\/index.php\/archivos\/noticias\/boletin-1487-obtiene-fgeo-sentencia-de-45-anos-de-prision-contra-responsable-de-violacion-en-agravio-de-un-nino-cometida-en-la-region-de-la-costa","title":{"rendered":"BOLET\u00cdN 1,487.-Obtiene FGEO sentencia de 45 a\u00f1os de prisi\u00f3n contra responsable de violaci\u00f3n en agravio de un ni\u00f1o, cometida en la regi\u00f3n de la Costa"},"content":{"rendered":"<p><strong>Oaxaca de Ju\u00e1rez a 28 de mayo de 2025.- <\/strong>Como parte de las acciones de procuraci\u00f3n de justicia en favor de ni\u00f1as, ni\u00f1os y adolescentes, la Fiscal\u00eda General del Estado de Oaxaca (FGEO) obtuvo una sentencia condenatoria de 45 a\u00f1os de prisi\u00f3n en contra de una persona identificada como Samuel H.P., responsable de los delitos de Equiparado a la Violaci\u00f3n y Violaci\u00f3n en agravio de un menor de edad, hechos ocurridos en regi\u00f3n de la Costa.<\/p>\n<p>&nbsp;<\/p>\n<p>De acuerdo con el expediente penal, los hechos ocurrieron desde el 10 de julio de 2020, fecha en que la v\u00edctima (cuya identidad est\u00e1 reservada por ley) ten\u00eda 11 a\u00f1os de edad.<\/p>\n<p>&nbsp;<\/p>\n<p>La investigaci\u00f3n revela que, a partir de esa fecha, as\u00ed como el 06 de enero y 06 de marzo de 2021, la v\u00edctima fue agredida de manera sexual en un domicilio ubicado en el sector Reforma de San Pedro Mixtepec en la regi\u00f3n de la Costa, lugar donde adem\u00e1s el hoy sentenciado amenazaba al menor para que no lo denunciara.<\/p>\n<p>&nbsp;<\/p>\n<p>Cuando la FGEO tom\u00f3 conocimiento del caso gracias a la denuncia de la v\u00edctima, inici\u00f3 la carpeta de investigaci\u00f3n correspondiente a trav\u00e9s de la Vicefiscal\u00eda Regional de la Costa que realiz\u00f3 los trabajos ministeriales con perspectiva de infancia, lo que permiti\u00f3 obtener una orden de aprehensi\u00f3n contra Samuel H.P., para posteriormente detenerlo y presentarlo ante el Juez que lo requiri\u00f3.<\/p>\n<p>&nbsp;<\/p>\n<p>Tras el desahogo de pruebas presentadas por la Fiscal\u00eda de Oaxaca, el Tribunal de Enjuiciamiento que atiende la causa determin\u00f3 dictar sentencia condenatoria e impuso la pena de 45 a\u00f1os de prisi\u00f3n en contra de Samuel H.P., al hallarlo responsable por los delitos de equiparado a la violaci\u00f3n y violaci\u00f3n, adem\u00e1s de imponer una multa econ\u00f3mica y la reparaci\u00f3n del da\u00f1o en abstracto.<\/p>\n<p>&nbsp;<\/p>\n<p>La Fiscal\u00eda de Oaxaca reitera su compromiso de garantizar un adecuado proceso de procuraci\u00f3n de justicia, especialmente en casos de delitos sexuales en los que las v\u00edctimas sean ni\u00f1as, ni\u00f1os o adolescentes, para presentar ante la justicia a quien o quienes resulten responsables.<\/p>\n<p><img fetchpriority=\"high\" decoding=\"async\" class=\"alignnone size-medium wp-image-9113\" src=\"https:\/\/portal.fgeo.gob.mx\/wp-content\/uploads\/2025\/05\/WhatsApp-Image-2025-05-28-at-9.28.52-AM-300x300.jpeg\" alt=\"\" width=\"300\" height=\"300\" \/><\/p>\n","protected":false},"author":2,"featured_media":9029,"comment_status":"closed","ping_status":"closed","template":"","tags":[],"categoria_noticias":[],"class_list":["post-9112","noticias","type-noticias","status-publish","has-post-thumbnail","hentry"],"acf":[],"mb":[],"mfb_rest_fields":["title","gutenberg_elementor_mode"],"_links":{"self":[{"href":"https:\/\/portal.fgeo.gob.mx\/index.php\/wp-json\/wp\/v2\/noticias\/9112","targetHints":{"allow":["GET"]}}],"collection":[{"href":"https:\/\/portal.fgeo.gob.mx\/index.php\/wp-json\/wp\/v2\/noticias"}],"about":[{"href":"https:\/\/portal.fgeo.gob.mx\/index.php\/wp-json\/wp\/v2\/types\/noticias"}],"author":[{"embeddable":true,"href":"https:\/\/portal.fgeo.gob.mx\/index.php\/wp-json\/wp\/v2\/users\/2"}],"replies":[{"embeddable":true,"href":"https:\/\/portal.fgeo.gob.mx\/index.php\/wp-json\/wp\/v2\/comments?post=9112"}],"wp:featuredmedia":[{"embeddable":true,"href":"https:\/\/portal.fgeo.gob.mx\/index.php\/wp-json\/"}],"wp:attachment":[{"href":"https:\/\/portal.fgeo.gob.mx\/index.php\/wp-json\/wp\/v2\/media?parent=9112"}],"wp:term":[{"taxonomy":"post_tag","embeddable":true,"href":"https:\/\/portal.fgeo.gob.mx\/index.php\/wp-json\/wp\/v2\/tags?post=9112"},{"taxonomy":"categoria_noticias","embeddable":true,"href":"https:\/\/portal.fgeo.gob.mx\/index.php\/wp-json\/wp\/v2\/categoria_noticias?post=9112"}],"curies":[{"name":"wp","href":"https:\/\/api.w.org\/{rel}","templated":true}]}}