{"id":9096,"date":"2025-05-27T07:34:28","date_gmt":"2025-05-27T13:34:28","guid":{"rendered":"https:\/\/fge.oaxaca.gob.mx\/?post_type=noticias&amp;p=9096"},"modified":"2025-05-27T07:34:28","modified_gmt":"2025-05-27T13:34:28","slug":"boletin-1483-fiscalia-de-oaxaca-obtiene-vinculacion-a-proceso-y-prision-preventiva-contra-detenidos-por-asalto-cometido-en-la-colonia-reforma-de-la-capital","status":"publish","type":"noticias","link":"https:\/\/portal.fgeo.gob.mx\/index.php\/archivos\/noticias\/boletin-1483-fiscalia-de-oaxaca-obtiene-vinculacion-a-proceso-y-prision-preventiva-contra-detenidos-por-asalto-cometido-en-la-colonia-reforma-de-la-capital","title":{"rendered":"BOLET\u00cdN 1483.- Fiscal\u00eda de Oaxaca obtiene vinculaci\u00f3n a proceso y prisi\u00f3n preventiva contra detenidos por asalto cometido en la colonia reforma de la capital"},"content":{"rendered":"<ul>\n<li><em>La detenci\u00f3n de los presuntos responsables fue resultado de un operativo interinstitucional encabezado por el Mando de Coordinaci\u00f3n de Seguridad Metropolitana<\/em><\/li>\n<li><em>Se trataba de una banda de asaltantes, dos de ellos originarios de la Ciudad de M\u00e9xico y uno m\u00e1s del Estado de M\u00e9xico, por lo que se investiga si tienen alguna relaci\u00f3n con otros hechos delictivos<\/em><\/li>\n<\/ul>\n<p>&nbsp;<\/p>\n<p>Oaxaca de Ju\u00e1rez a 27 de mayo de 2025. &#8211; Derivado de los trabajos ministeriales, la Fiscal\u00eda General del Estado de Oaxaca (FGEO) obtuvo auto de vinculaci\u00f3n a proceso contra tres personas por su probable participaci\u00f3n en un asalto registrado la tarde de este viernes 23 de mayo de 2025, en calles de la colonia Reforma, en el norte de la capital de la entidad.<\/p>\n<p>El operativo que dio como resultado la detenci\u00f3n de las tres personas se realiz\u00f3 gracias a los trabajos coordinados a trav\u00e9s del Mando de Coordinaci\u00f3n de Seguridad Metropolitana, en el que suman esfuerzos la Polic\u00eda Municipal de Oaxaca de Ju\u00e1rez y la Polic\u00eda Estatal, en conjunto con la FGEO, la Agencia Estatal de Investigaciones (AEI), Secretar\u00eda de la Defensa Nacional (DEFENSA), Guardia Nacional, adem\u00e1s del Centro de Control, Comando y Comunicaci\u00f3n (C4), que tuvieron una reacci\u00f3n inmediata despu\u00e9s de recibir el reporte del robo.<\/p>\n<p>De acuerdo con el expediente penal del caso, los hechos ocurrieron el 23 de mayo de 2025, cuando la v\u00edctima sali\u00f3 de una sucursal bancaria ubicada en la calzada Porfirio D\u00edaz, en la colonia Reforma, cuando unas personas se le acercaron y le robaron con violencia la cantidad aproximada de 250 mil pesos.<\/p>\n<p>Adem\u00e1s, derivado de las indagatorias se estableci\u00f3 que se trataba de una banda de asaltantes, dos de ellos originarios de la Ciudad de M\u00e9xico y uno m\u00e1s del Estado de M\u00e9xico, por lo que se investiga si tienen alguna relaci\u00f3n con otros hechos delictivos cometidos en la Zona Metropolitana de Oaxaca.<\/p>\n<p>Las investigaciones y labores ministeriales a cargo de la Fiscal\u00eda General del Estado de Oaxaca, a trav\u00e9s de la Vicefiscal\u00eda Regional de Valles Centrales, permitieron presentar ante el Juez de la causa las pruebas suficientes para la vinculaci\u00f3n a proceso de las tres personas del sexo masculino identificadas como C.A.M.S., G.R.R. y L.A.B.G., por el delito de robo calificado con violencia f\u00edsica y moral, adem\u00e1s de imponer la medida cautelar de prisi\u00f3n preventiva, otorgando dos meses para el cierre de la investigaci\u00f3n.<\/p>\n<p>La Fiscal\u00eda General del Estado explic\u00f3 que las acciones operativas interinstitucionales hacen posible implementar acciones m\u00e1s efectivas en favor de las v\u00edctimas de delitos pues, la participaci\u00f3n de las diversas corporaciones mejora los alcances de las labores de seguridad y procuraci\u00f3n de justicia.<\/p>\n<p><img fetchpriority=\"high\" decoding=\"async\" class=\"alignnone size-medium wp-image-9097\" src=\"https:\/\/portal.fgeo.gob.mx\/wp-content\/uploads\/2025\/05\/BOLET%C3%8DN-1483-300x200.jpeg\" alt=\"\" width=\"300\" height=\"200\" \/><\/p>\n","protected":false},"author":2,"featured_media":9029,"comment_status":"closed","ping_status":"closed","template":"","tags":[],"categoria_noticias":[],"class_list":["post-9096","noticias","type-noticias","status-publish","has-post-thumbnail","hentry"],"acf":[],"mb":[],"mfb_rest_fields":["title","gutenberg_elementor_mode"],"_links":{"self":[{"href":"https:\/\/portal.fgeo.gob.mx\/index.php\/wp-json\/wp\/v2\/noticias\/9096","targetHints":{"allow":["GET"]}}],"collection":[{"href":"https:\/\/portal.fgeo.gob.mx\/index.php\/wp-json\/wp\/v2\/noticias"}],"about":[{"href":"https:\/\/portal.fgeo.gob.mx\/index.php\/wp-json\/wp\/v2\/types\/noticias"}],"author":[{"embeddable":true,"href":"https:\/\/portal.fgeo.gob.mx\/index.php\/wp-json\/wp\/v2\/users\/2"}],"replies":[{"embeddable":true,"href":"https:\/\/portal.fgeo.gob.mx\/index.php\/wp-json\/wp\/v2\/comments?post=9096"}],"wp:featuredmedia":[{"embeddable":true,"href":"https:\/\/portal.fgeo.gob.mx\/index.php\/wp-json\/"}],"wp:attachment":[{"href":"https:\/\/portal.fgeo.gob.mx\/index.php\/wp-json\/wp\/v2\/media?parent=9096"}],"wp:term":[{"taxonomy":"post_tag","embeddable":true,"href":"https:\/\/portal.fgeo.gob.mx\/index.php\/wp-json\/wp\/v2\/tags?post=9096"},{"taxonomy":"categoria_noticias","embeddable":true,"href":"https:\/\/portal.fgeo.gob.mx\/index.php\/wp-json\/wp\/v2\/categoria_noticias?post=9096"}],"curies":[{"name":"wp","href":"https:\/\/api.w.org\/{rel}","templated":true}]}}