{"id":9047,"date":"2025-05-20T17:00:26","date_gmt":"2025-05-20T23:00:26","guid":{"rendered":"https:\/\/fge.oaxaca.gob.mx\/?post_type=noticias&amp;p=9047"},"modified":"2025-05-20T17:00:26","modified_gmt":"2025-05-20T23:00:26","slug":"boletin-1468-fiscalia-de-oaxaca-detiene-a-dos-mujeres-relacionadas-con-lesiones-provocadas-por-quemadura-por-hechos-ocurridos-en-el-colegio-francoise-dolto","status":"publish","type":"noticias","link":"https:\/\/portal.fgeo.gob.mx\/index.php\/archivos\/noticias\/boletin-1468-fiscalia-de-oaxaca-detiene-a-dos-mujeres-relacionadas-con-lesiones-provocadas-por-quemadura-por-hechos-ocurridos-en-el-colegio-francoise-dolto","title":{"rendered":"BOLET\u00cdN 1,468.- Fiscal\u00eda de Oaxaca detiene a dos mujeres relacionadas con lesiones provocadas por quemadura, por hechos ocurridos en el colegio Francoise Dolto"},"content":{"rendered":"<p><strong>\u00a0<\/strong><\/p>\n<p>Oaxaca de Ju\u00e1rez a 20 de mayo de 2025. &#8211; \u00a0La Fiscal\u00eda General del Estado de Oaxaca (FGEO) ejecut\u00f3 una orden de aprehensi\u00f3n en contra de dos personas del sexo femenino identificadas como G.S.M. y S.I.S., por el delito que se establece como Preservaci\u00f3n de Indicios y Evidencias en lugar de los hechos, conducta relacionada con un caso en el que ni\u00f1as y ni\u00f1os del colegio Francoise Dolto sufrieron lesiones por quemadura durante una actividad recreativa.<\/p>\n<p>&nbsp;<\/p>\n<p>De acuerdo con la carpeta de investigaci\u00f3n, los hechos ocurrieron el 29 de abril de 2025, cuando las v\u00edctimas, alumnas y alumnos del colegio Francoise Dolto, acudieron a la escuela localizada en el Centro de la ciudad de Oaxaca, para participar en un campamento como parte de los festejos por el D\u00eda del Ni\u00f1o.<\/p>\n<p>&nbsp;<\/p>\n<p>Sin embargo, cuando se encontraban alrededor de una fogata, una persona adulta lanz\u00f3 alcohol et\u00edlico que aviv\u00f3 el fuego, el cual alcanz\u00f3 a varios menores de edad, quienes resultaron con lesiones de gravedad por las quemaduras.<\/p>\n<p>&nbsp;<\/p>\n<p>Tras tener conocimiento de estos hechos, la FGEO -a trav\u00e9s de la Fiscal\u00eda Especializada en Justicia para Ni\u00f1as, Ni\u00f1os y Adolescentes- despleg\u00f3 un equipo multidisciplinario el cual realiz\u00f3 las primeras indagatorias y recab\u00f3 indicios, adem\u00e1s de asegurar el inmueble que ocupaba la escuela cuando sucedieron los hechos.<\/p>\n<p>&nbsp;<\/p>\n<p>Derivado de las primeras indagatorias, la Fiscal\u00eda de Oaxaca logr\u00f3 presentar evidencia suficiente ante el Juez de la causa, lo cual permiti\u00f3 la obtenci\u00f3n de la orden de aprehensi\u00f3n en contra de G.S.M. y S.I.S. por el delito que se establece como preservaci\u00f3n de indicios evidencias en lugar de los hechos, pues limpiaron la escena del crimen antes que las autoridades llevaran a cabo las diligencias correspondientes.<\/p>\n<p>&nbsp;<\/p>\n<p>Luego de obtener el mandato judicial, personal de la Agencia Estatal de Investigaciones realiz\u00f3 un operativo que permiti\u00f3 la detenci\u00f3n estas dos personas, trabajadoras de la escuela, quienes fueron puestas a disposici\u00f3n de la autoridad correspondiente para que se determine su situaci\u00f3n jur\u00eddica.<\/p>\n<p>&nbsp;<\/p>\n<p>En tanto, las investigaciones en torno a los hechos, siguen su curso para dar con el paradero de los responsables directos de las lesiones de las ni\u00f1as y los ni\u00f1os afectados.<\/p>\n<p>&nbsp;<\/p>\n<p>La Fiscal\u00eda de Oaxaca reitera su compromiso de realizar investigaciones integrales con perspectiva de infancia y adolescencia en los casos de delitos cometidos en contra de ni\u00f1as, ni\u00f1os y adolescentes.<\/p>\n<p>&nbsp;<\/p>\n<p><img fetchpriority=\"high\" decoding=\"async\" class=\"size-medium wp-image-9048 aligncenter\" src=\"https:\/\/portal.fgeo.gob.mx\/wp-content\/uploads\/2025\/05\/IMAGEN-BOLET%C3%8DN-1468-300x181.png\" alt=\"\" width=\"300\" height=\"181\" \/><\/p>\n","protected":false},"author":2,"featured_media":9029,"comment_status":"closed","ping_status":"closed","template":"","tags":[],"categoria_noticias":[],"class_list":["post-9047","noticias","type-noticias","status-publish","has-post-thumbnail","hentry"],"acf":[],"mb":[],"mfb_rest_fields":["title","gutenberg_elementor_mode"],"_links":{"self":[{"href":"https:\/\/portal.fgeo.gob.mx\/index.php\/wp-json\/wp\/v2\/noticias\/9047","targetHints":{"allow":["GET"]}}],"collection":[{"href":"https:\/\/portal.fgeo.gob.mx\/index.php\/wp-json\/wp\/v2\/noticias"}],"about":[{"href":"https:\/\/portal.fgeo.gob.mx\/index.php\/wp-json\/wp\/v2\/types\/noticias"}],"author":[{"embeddable":true,"href":"https:\/\/portal.fgeo.gob.mx\/index.php\/wp-json\/wp\/v2\/users\/2"}],"replies":[{"embeddable":true,"href":"https:\/\/portal.fgeo.gob.mx\/index.php\/wp-json\/wp\/v2\/comments?post=9047"}],"wp:featuredmedia":[{"embeddable":true,"href":"https:\/\/portal.fgeo.gob.mx\/index.php\/wp-json\/"}],"wp:attachment":[{"href":"https:\/\/portal.fgeo.gob.mx\/index.php\/wp-json\/wp\/v2\/media?parent=9047"}],"wp:term":[{"taxonomy":"post_tag","embeddable":true,"href":"https:\/\/portal.fgeo.gob.mx\/index.php\/wp-json\/wp\/v2\/tags?post=9047"},{"taxonomy":"categoria_noticias","embeddable":true,"href":"https:\/\/portal.fgeo.gob.mx\/index.php\/wp-json\/wp\/v2\/categoria_noticias?post=9047"}],"curies":[{"name":"wp","href":"https:\/\/api.w.org\/{rel}","templated":true}]}}