{"id":8807,"date":"2025-04-21T19:00:44","date_gmt":"2025-04-22T01:00:44","guid":{"rendered":"https:\/\/fge.oaxaca.gob.mx\/?post_type=noticias&amp;p=8807"},"modified":"2025-04-21T19:00:44","modified_gmt":"2025-04-22T01:00:44","slug":"boletin-1402-fiscalia-de-oaxaca-ejecutan-orden-de-aprehension-y-detiene-a-una-persona-por-el-delito-de-femicidio-cometido-en-el-istmo","status":"publish","type":"noticias","link":"https:\/\/portal.fgeo.gob.mx\/index.php\/archivos\/noticias\/boletin-1402-fiscalia-de-oaxaca-ejecutan-orden-de-aprehension-y-detiene-a-una-persona-por-el-delito-de-femicidio-cometido-en-el-istmo","title":{"rendered":"BOLET\u00cdN 1,402.- Fiscal\u00eda de Oaxaca ejecuta orden de aprehensi\u00f3n y detiene a una persona por el delito de feminicidio cometido en el Istmo"},"content":{"rendered":"<p>* El imputado se refugiaba en el estado de Quer\u00e9taro, por lo que se trabaj\u00f3 de manera coordinada con la Fiscal\u00eda de esa entidad para su captura<\/p>\n<p><strong>Oaxaca de Ju\u00e1rez a 21 de abril de 2025.- <\/strong>La Fiscal\u00eda General del Estado de Oaxaca (FGEO), en colaboraci\u00f3n interinstitucional con la Fiscal\u00eda del estado de Quer\u00e9taro, ejecutaron una orden de aprehensi\u00f3n que permiti\u00f3 la detenci\u00f3n de una persona del sexo masculino identificado como F.R.H., por el delito de feminicidio, ocurrido en la regi\u00f3n del Istmo.<\/p>\n<p>La detenci\u00f3n de F.R.H., fue efectuada por la Polic\u00eda Ministerial de la Fiscal\u00eda de Quer\u00e9taro cuando se encontraba en la colonia Loma Linda de San Juan del R\u00edo de aquella entidad.<\/p>\n<p>De acuerdo con el expediente penal del caso, los hechos ocurrieron el 13 de enero de 2018, cuando la v\u00edctima identificada con iniciales G.C.C.M., fue trasladada a bordo de un veh\u00edculo de motor el cual parti\u00f3 de su domicilio ubicado en la poblaci\u00f3n de Chahuites al municipio de Zanatepec y, posteriormente a San Pedro Tapanatepec en la regi\u00f3n del Istmo.<\/p>\n<p>La investigaci\u00f3n revela que la v\u00edctima nunca regres\u00f3 a su domicilio, y fue hasta el siguiente d\u00eda, es decir, el 14 de enero, que apareci\u00f3 en un hospital de la ciudad de Arriaga, Chiapas, presentando diversas lesiones que le provocaron la muerte el 23 de enero de 2018.<\/p>\n<p>Una vez que la FGEO tom\u00f3 conocimiento del caso, inici\u00f3 las investigaciones a trav\u00e9s de la Vicefiscal\u00eda Regional del Istmo logrando obtener una orden de aprehensi\u00f3n en contra de F.R.H.<\/p>\n<p>Tras realizar las labores de localizaci\u00f3n, se pudo establecer que F.R.H. se encontraba en el estado de Quer\u00e9taro, por lo que se solicit\u00f3 la colaboraci\u00f3n con la Fiscal\u00eda de aquella entidad para la ejecuci\u00f3n de la orden de aprehensi\u00f3n en su contra por lo que, una vez detenido, se iniciaron los tr\u00e1mites administrativos para su trasladado a Oaxaca y con ello, ser puesto a disposici\u00f3n de la autoridad ministerial correspondiente para su proceso legal.<\/p>\n<p>Para la FGEO el trabajo interinstitucional con las Fiscal\u00edas de otras entidades del pa\u00eds y el empleo de protocolos y la aplicaci\u00f3n de t\u00e9cnicas cient\u00edficas e investigaciones de cr\u00edmenes, permiten tener certeza en los trabajos de procuraci\u00f3n de justicia en el estado.<\/p>\n<p>&nbsp;<\/p>\n","protected":false},"author":2,"featured_media":8773,"comment_status":"closed","ping_status":"closed","template":"","tags":[],"categoria_noticias":[],"class_list":["post-8807","noticias","type-noticias","status-publish","has-post-thumbnail","hentry"],"acf":[],"mb":[],"mfb_rest_fields":["title","gutenberg_elementor_mode"],"_links":{"self":[{"href":"https:\/\/portal.fgeo.gob.mx\/index.php\/wp-json\/wp\/v2\/noticias\/8807","targetHints":{"allow":["GET"]}}],"collection":[{"href":"https:\/\/portal.fgeo.gob.mx\/index.php\/wp-json\/wp\/v2\/noticias"}],"about":[{"href":"https:\/\/portal.fgeo.gob.mx\/index.php\/wp-json\/wp\/v2\/types\/noticias"}],"author":[{"embeddable":true,"href":"https:\/\/portal.fgeo.gob.mx\/index.php\/wp-json\/wp\/v2\/users\/2"}],"replies":[{"embeddable":true,"href":"https:\/\/portal.fgeo.gob.mx\/index.php\/wp-json\/wp\/v2\/comments?post=8807"}],"wp:featuredmedia":[{"embeddable":true,"href":"https:\/\/portal.fgeo.gob.mx\/index.php\/wp-json\/"}],"wp:attachment":[{"href":"https:\/\/portal.fgeo.gob.mx\/index.php\/wp-json\/wp\/v2\/media?parent=8807"}],"wp:term":[{"taxonomy":"post_tag","embeddable":true,"href":"https:\/\/portal.fgeo.gob.mx\/index.php\/wp-json\/wp\/v2\/tags?post=8807"},{"taxonomy":"categoria_noticias","embeddable":true,"href":"https:\/\/portal.fgeo.gob.mx\/index.php\/wp-json\/wp\/v2\/categoria_noticias?post=8807"}],"curies":[{"name":"wp","href":"https:\/\/api.w.org\/{rel}","templated":true}]}}