{"id":8253,"date":"2025-01-31T12:03:17","date_gmt":"2025-01-31T18:03:17","guid":{"rendered":"https:\/\/fge.oaxaca.gob.mx\/?post_type=noticias&amp;p=8253"},"modified":"2025-01-31T12:03:17","modified_gmt":"2025-01-31T18:03:17","slug":"boletin-1218-obtiene-fgeo-vinculacion-a-proceso-y-prision-contra-imputado-por-robo-cometido-en-oaxaca-de-juarez","status":"publish","type":"noticias","link":"https:\/\/portal.fgeo.gob.mx\/index.php\/archivos\/noticias\/boletin-1218-obtiene-fgeo-vinculacion-a-proceso-y-prision-contra-imputado-por-robo-cometido-en-oaxaca-de-juarez","title":{"rendered":"BOLET\u00cdN 1,218.- Obtiene FGEO vinculaci\u00f3n a proceso y prisi\u00f3n contra imputado por robo cometido en Oaxaca de Ju\u00e1rez"},"content":{"rendered":"<p>* Polic\u00eda Municipal lo detuvo luego de sustraer objetos de valor del interior de un veh\u00edculo<\/p>\n<p><strong>\u00a0<\/strong><strong>Oaxaca de Ju\u00e1rez a 31 de enero de 2025.-<\/strong> La Fiscal\u00eda General del Estado de Oaxaca (FGEO) obtuvo auto de Vinculaci\u00f3n a Proceso y prisi\u00f3n preventiva en contra de una persona del sexo masculino identificada como F.J.M.P., imputado por el delito de robo en veh\u00edculo en agravio de J.L.A.L.<\/p>\n<p>De acuerdo con lo establecido en el expediente penal, los hechos ocurrieron el 26 de enero de 2025, cuando sustrajeron una mochila con objetos de valor de un autom\u00f3vil que se encontraba estacionado sobre la calle de Matamoros, en el Centro de la ciudad de Oaxaca.<\/p>\n<p>La investigaci\u00f3n detalla que, tras los hechos, F.J.M.P fue detenido por elementos policiales en la misma calle, y puesto a disposici\u00f3n del Ministerio P\u00fablico.<\/p>\n<p>Al tomar conocimiento del caso, la FGEO -trav\u00e9s de la Vicefiscal\u00eda Regional de Valles Centrales- recab\u00f3 los indicios y lo llev\u00f3 ante el Juez quien comunic\u00f3 imputaci\u00f3n al detenido y conforme al desahogo de pruebas dict\u00f3 vinculaci\u00f3n a proceso en contra de F.J.M.P por el delito de Robo en perjuicio patrimonial de J.L.A.L., e impuso la medida cautelar de prisi\u00f3n preventiva justificada otorgando el plazo de un mes para el cierre de la investigaci\u00f3n complementaria.<\/p>\n<p>La Fiscal\u00eda de Oaxaca realiza trabajos de investigaci\u00f3n con estricto apego a la ley, para que los resultados de las labores de procuraci\u00f3n de justicia permitan mantener la paz social en beneficio de la ciudadan\u00eda.<\/p>\n<p><img fetchpriority=\"high\" decoding=\"async\" class=\"size-medium wp-image-8254\" src=\"https:\/\/portal.fgeo.gob.mx\/wp-content\/uploads\/2025\/01\/Dise%C3%B1o-sin-t%C3%ADtulo-15-300x193.jpg\" alt=\"\" width=\"300\" height=\"193\" \/><\/p>\n","protected":false},"author":2,"featured_media":8223,"comment_status":"closed","ping_status":"closed","template":"","tags":[],"categoria_noticias":[],"class_list":["post-8253","noticias","type-noticias","status-publish","has-post-thumbnail","hentry"],"acf":[],"mb":[],"mfb_rest_fields":["title","gutenberg_elementor_mode"],"_links":{"self":[{"href":"https:\/\/portal.fgeo.gob.mx\/index.php\/wp-json\/wp\/v2\/noticias\/8253","targetHints":{"allow":["GET"]}}],"collection":[{"href":"https:\/\/portal.fgeo.gob.mx\/index.php\/wp-json\/wp\/v2\/noticias"}],"about":[{"href":"https:\/\/portal.fgeo.gob.mx\/index.php\/wp-json\/wp\/v2\/types\/noticias"}],"author":[{"embeddable":true,"href":"https:\/\/portal.fgeo.gob.mx\/index.php\/wp-json\/wp\/v2\/users\/2"}],"replies":[{"embeddable":true,"href":"https:\/\/portal.fgeo.gob.mx\/index.php\/wp-json\/wp\/v2\/comments?post=8253"}],"wp:featuredmedia":[{"embeddable":true,"href":"https:\/\/portal.fgeo.gob.mx\/index.php\/wp-json\/wp\/v2\/font-families\/(?P<font_family_id>[\\d]+)\/font-faces\/8223"}],"wp:attachment":[{"href":"https:\/\/portal.fgeo.gob.mx\/index.php\/wp-json\/wp\/v2\/media?parent=8253"}],"wp:term":[{"taxonomy":"post_tag","embeddable":true,"href":"https:\/\/portal.fgeo.gob.mx\/index.php\/wp-json\/wp\/v2\/tags?post=8253"},{"taxonomy":"categoria_noticias","embeddable":true,"href":"https:\/\/portal.fgeo.gob.mx\/index.php\/wp-json\/wp\/v2\/categoria_noticias?post=8253"}],"curies":[{"name":"wp","href":"https:\/\/api.w.org\/{rel}","templated":true}]}}