{"id":8018,"date":"2025-01-08T09:52:39","date_gmt":"2025-01-08T15:52:39","guid":{"rendered":"https:\/\/fge.oaxaca.gob.mx\/?post_type=noticias&amp;p=8018"},"modified":"2025-01-08T09:52:39","modified_gmt":"2025-01-08T15:52:39","slug":"boletin-1165-obtiene-fgeo-sentencia-de-34-anos-de-prision-contra-responsable-de-homicidio-y-lesiones-en-agravio-de-dos-hermanos-hechos-ocurridos-en-el-distrito-de-tlacolula","status":"publish","type":"noticias","link":"https:\/\/portal.fgeo.gob.mx\/index.php\/archivos\/noticias\/boletin-1165-obtiene-fgeo-sentencia-de-34-anos-de-prision-contra-responsable-de-homicidio-y-lesiones-en-agravio-de-dos-hermanos-hechos-ocurridos-en-el-distrito-de-tlacolula","title":{"rendered":"BOLET\u00cdN 1,165.- Obtiene FGEO sentencia de 34 a\u00f1os de prisi\u00f3n contra responsable de homicidio y lesiones en agravio de dos hermanos, hechos ocurridos en el distrito de Tlacolula"},"content":{"rendered":"<p>Oaxaca de Ju\u00e1rez, Oax. 08 de enero de 2025.- Derivado del trabajo de investigaci\u00f3n ministerial que realiza la Fiscal\u00eda General del Estado de Oaxaca (FGEO), se obtuvo una sentencia condenatoria de 34 a\u00f1os de prisi\u00f3n en contra de una persona del sexo masculino identificada como Pablo G.M., por su responsabilidad en la comisi\u00f3n de los delitos de homicidio calificado con ventaja y lesiones calificadas con ventaja, en agravio de dos hermanos, en hechos ocurridos en la regi\u00f3n de los Valles Centrales.<\/p>\n<p>De acuerdo con lo asentado en el expediente penal del caso, los hechos se suscitaron el 29 de junio de 2014, cuando las v\u00edctimas identificadas como J.G.Q.D y J.A.Q.D., se encontraban en un bar ubicado en jurisdicci\u00f3n de Tlacolula de Matamoros, sitio en el que fueron atacados por el hoy sentenciado y otras personas que usaron un arma punzo-cortante (cuchillo), privando de la vida a una de las v\u00edctimas y dejando con lesiones a otra.<\/p>\n<p>Ante los hechos, la FGEO atrajo el caso e inici\u00f3 las investigaciones pertinentes a trav\u00e9s de la Fiscal\u00eda de Delitos de Alto Impacto adscritos a la Vicefiscal\u00eda General de Control Regional que logr\u00f3 obtener una orden de aprehensi\u00f3n y posteriormente, la detenci\u00f3n de Pablo G.M., quien fue llevado ante la autoridad competente que lo requiri\u00f3.<\/p>\n<p>En audiencia y tras el desahogo de pruebas aportadas por la FGEO, el Juez que atiende la causa dict\u00f3 sentencia condenatoria de 30 a\u00f1os de prisi\u00f3n contra Pablo G.M., por su responsabilidad en la comisi\u00f3n del delito de homicidio calificado con ventaja y cuatro a\u00f1os m\u00e1s por lesiones calificadas con ventaja, adem\u00e1s de imponer un pago por concepto de reparaci\u00f3n del da\u00f1o por ambos delitos.<\/p>\n<p>La Fiscal\u00eda de Oaxaca tiene el compromiso de realizar trabajos ministeriales minuciosos y con estricto apego a la ley para que las v\u00edctimas directas e indirectas tengan pleno acceso a la justicia.<\/p>\n<p><img fetchpriority=\"high\" decoding=\"async\" class=\"alignnone size-medium wp-image-8019\" src=\"https:\/\/portal.fgeo.gob.mx\/wp-content\/uploads\/2025\/01\/FOTO-BOLET%C3%8DN-1165-265x300.jpg\" alt=\"\" width=\"265\" height=\"300\" \/><\/p>\n","protected":false},"author":2,"featured_media":7997,"comment_status":"closed","ping_status":"closed","template":"","tags":[],"categoria_noticias":[],"class_list":["post-8018","noticias","type-noticias","status-publish","has-post-thumbnail","hentry"],"acf":[],"mb":[],"mfb_rest_fields":["title","gutenberg_elementor_mode"],"_links":{"self":[{"href":"https:\/\/portal.fgeo.gob.mx\/index.php\/wp-json\/wp\/v2\/noticias\/8018","targetHints":{"allow":["GET"]}}],"collection":[{"href":"https:\/\/portal.fgeo.gob.mx\/index.php\/wp-json\/wp\/v2\/noticias"}],"about":[{"href":"https:\/\/portal.fgeo.gob.mx\/index.php\/wp-json\/wp\/v2\/types\/noticias"}],"author":[{"embeddable":true,"href":"https:\/\/portal.fgeo.gob.mx\/index.php\/wp-json\/wp\/v2\/users\/2"}],"replies":[{"embeddable":true,"href":"https:\/\/portal.fgeo.gob.mx\/index.php\/wp-json\/wp\/v2\/comments?post=8018"}],"wp:featuredmedia":[{"embeddable":true,"href":"https:\/\/portal.fgeo.gob.mx\/index.php\/wp-json\/"}],"wp:attachment":[{"href":"https:\/\/portal.fgeo.gob.mx\/index.php\/wp-json\/wp\/v2\/media?parent=8018"}],"wp:term":[{"taxonomy":"post_tag","embeddable":true,"href":"https:\/\/portal.fgeo.gob.mx\/index.php\/wp-json\/wp\/v2\/tags?post=8018"},{"taxonomy":"categoria_noticias","embeddable":true,"href":"https:\/\/portal.fgeo.gob.mx\/index.php\/wp-json\/wp\/v2\/categoria_noticias?post=8018"}],"curies":[{"name":"wp","href":"https:\/\/api.w.org\/{rel}","templated":true}]}}