{"id":7988,"date":"2024-12-27T14:03:39","date_gmt":"2024-12-27T20:03:39","guid":{"rendered":"https:\/\/fge.oaxaca.gob.mx\/?post_type=noticias&amp;p=7988"},"modified":"2024-12-27T14:03:39","modified_gmt":"2024-12-27T20:03:39","slug":"boletin-1150-fiscalia-de-oaxaca-identifica-a-dos-personas-que-viajaban-a-bordo-de-camioneta-que-provoco-accidente-vial-en-el-que-perdio-la-vida-un-ciclista","status":"publish","type":"noticias","link":"https:\/\/portal.fgeo.gob.mx\/index.php\/archivos\/noticias\/boletin-1150-fiscalia-de-oaxaca-identifica-a-dos-personas-que-viajaban-a-bordo-de-camioneta-que-provoco-accidente-vial-en-el-que-perdio-la-vida-un-ciclista","title":{"rendered":"BOLET\u00cdN 1150.- Fiscal\u00eda de Oaxaca identifica a dos personas que viajaban a bordo de camioneta que provoc\u00f3 accidente vial en el que perdi\u00f3 la vida un ciclista"},"content":{"rendered":"<p>Oaxaca de Ju\u00e1rez, Oax. 27 de diciembre de 2024.-La Fiscal\u00eda General del Estado de Oaxaca (FGEO) cuenta con avances significativos respecto a los hechos en que perdi\u00f3 la vida un ciclista y otro m\u00e1s result\u00f3 lesionado, caso por el cual se investigan los delitos de Homicidio Culposo y Lesiones Culposas, en el que ya se tiene identificadas a las dos personas que viajaban a bordo del veh\u00edculo que habr\u00eda provocado el accidente vial.<\/p>\n<p>Las labores multidisciplinarias de investigaci\u00f3n criminal que lleva a cabo la FGEO, a trav\u00e9s de la Vicefiscal\u00eda Regional de Valles Centrales, permiti\u00f3 establecer la identidad del conductor y la persona que le acompa\u00f1aba en el veh\u00edculo con el cual atropellaron a dos personas que viajaban a bordo de bicicletas.<\/p>\n<p>Estos hechos ocurrieron el pasado 25 de diciembre de 2024, cuando las v\u00edctimas circulaban sobre la ciclov\u00eda de la Avenida Ferrocarril, en el tramo que pasa por el municipio de Tlalixtac de Cabrera.<\/p>\n<p>Los trabajos periciales y forenses fortalecen los trabajos ministeriales para presentar ante la justicia las personas responsables por la comisi\u00f3n de estos delitos, con el objetivo que las v\u00edctimas directas e indirectas tengan pleno acceso a la justicia a trav\u00e9s de los mecanismos legales correspondientes, as\u00ed como a la reparaci\u00f3n del da\u00f1o.<\/p>\n<p>Adem\u00e1s de los actos de investigaci\u00f3n realizados para esclarecer el caso, la Fiscal\u00eda de Oaxaca tiene asegurada la camioneta marca Nissan NP300 color blanca con placas de circulaci\u00f3n RY82756 del Estado de Oaxaca, la cual habr\u00eda provocado este accidente.<\/p>\n<p>La Fiscal\u00eda de Oaxaca tambi\u00e9n brinda acompa\u00f1amiento integral para las v\u00edctimas, ofreciendo servicios en diferentes materias para atender las necesidades de las personas afectadas.<\/p>\n","protected":false},"author":2,"featured_media":7869,"comment_status":"closed","ping_status":"closed","template":"","tags":[],"categoria_noticias":[],"class_list":["post-7988","noticias","type-noticias","status-publish","has-post-thumbnail","hentry"],"acf":[],"mb":[],"mfb_rest_fields":["title","gutenberg_elementor_mode"],"_links":{"self":[{"href":"https:\/\/portal.fgeo.gob.mx\/index.php\/wp-json\/wp\/v2\/noticias\/7988","targetHints":{"allow":["GET"]}}],"collection":[{"href":"https:\/\/portal.fgeo.gob.mx\/index.php\/wp-json\/wp\/v2\/noticias"}],"about":[{"href":"https:\/\/portal.fgeo.gob.mx\/index.php\/wp-json\/wp\/v2\/types\/noticias"}],"author":[{"embeddable":true,"href":"https:\/\/portal.fgeo.gob.mx\/index.php\/wp-json\/wp\/v2\/users\/2"}],"replies":[{"embeddable":true,"href":"https:\/\/portal.fgeo.gob.mx\/index.php\/wp-json\/wp\/v2\/comments?post=7988"}],"wp:featuredmedia":[{"embeddable":true,"href":"https:\/\/portal.fgeo.gob.mx\/index.php\/wp-json\/"}],"wp:attachment":[{"href":"https:\/\/portal.fgeo.gob.mx\/index.php\/wp-json\/wp\/v2\/media?parent=7988"}],"wp:term":[{"taxonomy":"post_tag","embeddable":true,"href":"https:\/\/portal.fgeo.gob.mx\/index.php\/wp-json\/wp\/v2\/tags?post=7988"},{"taxonomy":"categoria_noticias","embeddable":true,"href":"https:\/\/portal.fgeo.gob.mx\/index.php\/wp-json\/wp\/v2\/categoria_noticias?post=7988"}],"curies":[{"name":"wp","href":"https:\/\/api.w.org\/{rel}","templated":true}]}}