{"id":7960,"date":"2024-12-23T08:48:01","date_gmt":"2024-12-23T14:48:01","guid":{"rendered":"https:\/\/fge.oaxaca.gob.mx\/?post_type=noticias&amp;p=7960"},"modified":"2024-12-23T08:48:01","modified_gmt":"2024-12-23T14:48:01","slug":"boletin-1141-fiscalia-de-oaxaca-logra-aprehension-de-un-sujeto-por-el-homicidio-de-cuatro-personas-hechos-ocurridos-en-el-istmo-de-tehuantepec","status":"publish","type":"noticias","link":"https:\/\/portal.fgeo.gob.mx\/index.php\/archivos\/noticias\/boletin-1141-fiscalia-de-oaxaca-logra-aprehension-de-un-sujeto-por-el-homicidio-de-cuatro-personas-hechos-ocurridos-en-el-istmo-de-tehuantepec","title":{"rendered":"BOLET\u00cdN 1,141.- Fiscal\u00eda de Oaxaca logra aprehensi\u00f3n de un sujeto por el homicidio de cuatro personas, hechos ocurridos en el Istmo de Tehuantepec"},"content":{"rendered":"<p>* M. G. S. estar\u00eda involucrado con una de los grupos delictivos identificados como uno de los principales generadores de violencia en el Istmo de Tehuantepec<\/p>\n<p>&nbsp;<\/p>\n<p>Oaxaca de Ju\u00e1rez, Oax. 23 de diciembre de 2024.- La Fiscal\u00eda General del Estado de Oaxaca (FGEO) realiz\u00f3 un operativo para dar cumplimiento a una orden de aprehensi\u00f3n en contra de M. G. S., detenido por el delito de Homicidio Calificado, derivado de los hechos en que perdieron la vida cuatro personas durante una agresi\u00f3n armada, ocurrida en la regi\u00f3n del Istmo de Tehuantepec.<\/p>\n<p>&nbsp;<\/p>\n<p>De acuerdo con el expediente penal del caso, los hechos sucedieron el 14 de diciembre de 2021, al interior de un bar localizado en la colonia Altamirano, de la poblaci\u00f3n de la Ventosa, perteneciente al municipio de Juchit\u00e1n de Zaragoza.<\/p>\n<p>&nbsp;<\/p>\n<p>En el sitio, un grupo de personas agredi\u00f3 con disparos de arma de fuego a las cuatro v\u00edctimas, identificadas como C. T. G. (mujer), as\u00ed como G. S. L., J. L. F. G. y O. R. O, quienes perdieron la vida a consecuencia de las lesiones infligidas durante la agresi\u00f3n.<\/p>\n<p>&nbsp;<\/p>\n<p>Cuando la Fiscal\u00eda de Oaxaca tuvo conocimiento de los hechos, inici\u00f3 las investigaciones ministeriales a trav\u00e9s de la Vicefiscal\u00eda Regional del Istmo, que obtuvo los datos de prueba suficientes para obtener la orden de aprehensi\u00f3n correspondiente.<\/p>\n<p>&nbsp;<\/p>\n<p>Como resultado de un operativo coordinado por la FGEO, elementos de la Agencia Estatal de Investigaciones (AEI) lograron la detenci\u00f3n de M. G. S., quien fue llevado de manera inmediata ante el Ministerio P\u00fablico, para determinar su situaci\u00f3n legal correspondiente.<\/p>\n<p>&nbsp;<\/p>\n<p>Los trabajos e investigaci\u00f3n, permitieron establecer que M. G. S. estar\u00eda involucrado con una de los grupos delictivos identificados como uno de los principales generadores de violencia en el Istmo de Tehuantepec.<\/p>\n<p>&nbsp;<\/p>\n<p>Las acciones ministeriales de la FGEO buscan garantizar la paz social y reducir el impacto del fen\u00f3meno delictivo en diferentes puntos de la entidad.<\/p>\n<figure id=\"attachment_7961\" aria-describedby=\"caption-attachment-7961\" style=\"width: 300px\" class=\"wp-caption alignnone\"><img fetchpriority=\"high\" decoding=\"async\" class=\"size-medium wp-image-7961\" src=\"https:\/\/portal.fgeo.gob.mx\/wp-content\/uploads\/2024\/12\/Dise%C3%B1o-sin-t%C3%ADtulo-12-300x218.jpg\" alt=\"\" width=\"300\" height=\"218\" \/><figcaption id=\"caption-attachment-7961\" class=\"wp-caption-text\">Dise\u00f1o sin t\u00edtulo &#8211; 1<\/figcaption><\/figure>\n","protected":false},"author":2,"featured_media":7869,"comment_status":"closed","ping_status":"closed","template":"","tags":[],"categoria_noticias":[],"class_list":["post-7960","noticias","type-noticias","status-publish","has-post-thumbnail","hentry"],"acf":[],"mb":[],"mfb_rest_fields":["title","gutenberg_elementor_mode"],"_links":{"self":[{"href":"https:\/\/portal.fgeo.gob.mx\/index.php\/wp-json\/wp\/v2\/noticias\/7960","targetHints":{"allow":["GET"]}}],"collection":[{"href":"https:\/\/portal.fgeo.gob.mx\/index.php\/wp-json\/wp\/v2\/noticias"}],"about":[{"href":"https:\/\/portal.fgeo.gob.mx\/index.php\/wp-json\/wp\/v2\/types\/noticias"}],"author":[{"embeddable":true,"href":"https:\/\/portal.fgeo.gob.mx\/index.php\/wp-json\/wp\/v2\/users\/2"}],"replies":[{"embeddable":true,"href":"https:\/\/portal.fgeo.gob.mx\/index.php\/wp-json\/wp\/v2\/comments?post=7960"}],"wp:featuredmedia":[{"embeddable":true,"href":"https:\/\/portal.fgeo.gob.mx\/index.php\/wp-json\/"}],"wp:attachment":[{"href":"https:\/\/portal.fgeo.gob.mx\/index.php\/wp-json\/wp\/v2\/media?parent=7960"}],"wp:term":[{"taxonomy":"post_tag","embeddable":true,"href":"https:\/\/portal.fgeo.gob.mx\/index.php\/wp-json\/wp\/v2\/tags?post=7960"},{"taxonomy":"categoria_noticias","embeddable":true,"href":"https:\/\/portal.fgeo.gob.mx\/index.php\/wp-json\/wp\/v2\/categoria_noticias?post=7960"}],"curies":[{"name":"wp","href":"https:\/\/api.w.org\/{rel}","templated":true}]}}