{"id":7910,"date":"2024-12-13T15:30:25","date_gmt":"2024-12-13T21:30:25","guid":{"rendered":"https:\/\/fge.oaxaca.gob.mx\/?post_type=noticias&amp;p=7910"},"modified":"2024-12-13T15:30:25","modified_gmt":"2024-12-13T21:30:25","slug":"boletin-1125-fgeo-realiza-la-detencion-de-dos-personas-tras-ejecutar-ordenes-de-aprehension-por-diferentes-casos-de-delitos-sexuales-contra-ninas-y-adolescentes-cometidos-en-los-valles-centrales","status":"publish","type":"noticias","link":"https:\/\/portal.fgeo.gob.mx\/index.php\/archivos\/noticias\/boletin-1125-fgeo-realiza-la-detencion-de-dos-personas-tras-ejecutar-ordenes-de-aprehension-por-diferentes-casos-de-delitos-sexuales-contra-ninas-y-adolescentes-cometidos-en-los-valles-centrales","title":{"rendered":"BOLET\u00cdN 1,125.-FGEO realiza la detenci\u00f3n de dos personas tras ejecutar \u00f3rdenes de aprehensi\u00f3n por diferentes casos de delitos sexuales contra ni\u00f1as y adolescentes cometidos en los Valles Centrales"},"content":{"rendered":"<p>&nbsp;<\/p>\n<p>Oaxaca de Ju\u00e1rez, Oax. 13 de diciembre de 2024.- La atenci\u00f3n a delitos que afectan a ni\u00f1as, ni\u00f1os y adolescentes es una prioridad en materia de procuraci\u00f3n de justicia, por ello, la Fiscal\u00eda General del Estado de Oaxaca (FGEO) ejecut\u00f3 dos \u00f3rdenes de aprehensi\u00f3n en contra de dos personas del sexo masculino por delitos sexuales cometidos en contra de ni\u00f1as y adolescentes, por hechos diferentes ocurridos en la regi\u00f3n de Valles Centrales.<\/p>\n<p>&nbsp;<\/p>\n<p>La Fiscal\u00eda de Oaxaca detall\u00f3 que en los casos de delitos cometidos en contra de ni\u00f1as, ni\u00f1os y adolescente implementa investigaciones multidisciplinarias y especializadas en enfoque de infancia que permitan atender estos casos con apego a los est\u00e1ndares internacionales en la materia.<\/p>\n<p>&nbsp;<\/p>\n<p>Derivado de las investigaciones especializadas, se realiz\u00f3 un primer operativo que permiti\u00f3 la detenci\u00f3n de una persona identificada como R.J.A.S., por el delito equiparado a violaci\u00f3n, acci\u00f3n que fue resultado de los trabajos de inteligencia criminal que permitieron presentarlo ante la autoridad competente para que determine su situaci\u00f3n jur\u00eddica.<\/p>\n<p>&nbsp;<\/p>\n<p>Asimismo, el organismo procurador de justicia implement\u00f3 otra acci\u00f3n de b\u00fasqueda y localizaci\u00f3n, derivado de los trabajos ministeriales fue posible la detenci\u00f3n de J.A.S.V., por el delito de violaci\u00f3n agravada, quien fue puesto a disposici\u00f3n del Juez de la causa para que determine su situaci\u00f3n jur\u00eddica.<\/p>\n<p>&nbsp;<\/p>\n<p>La Fiscal\u00eda General del Estado de Oaxaca prioriza la investigaciones de delitos cometidos en contra de ni\u00f1as, ni\u00f1os y adolescentes, pues busca garantizarles un adecuado acceso a la procuraci\u00f3n de justicia que lleve la perspectiva de infancia y adolescencia, pues, este mecanismo es la v\u00eda para garantizar la m\u00e1xima protecci\u00f3n y atender adecuadamente el inter\u00e9s superior de la ni\u00f1ez.<\/p>\n<p><img fetchpriority=\"high\" decoding=\"async\" class=\"alignnone size-medium wp-image-7911\" src=\"https:\/\/portal.fgeo.gob.mx\/wp-content\/uploads\/2024\/12\/WhatsApp-Image-2024-12-13-at-2.30.30-PM-300x277.jpeg\" alt=\"\" width=\"300\" height=\"277\" \/> <img decoding=\"async\" class=\"alignnone size-medium wp-image-7912\" src=\"https:\/\/portal.fgeo.gob.mx\/wp-content\/uploads\/2024\/12\/WhatsApp-Image-2024-12-13-at-2.30.26-PM-300x267.jpeg\" alt=\"\" width=\"300\" height=\"267\" \/><\/p>\n","protected":false},"author":2,"featured_media":7869,"comment_status":"closed","ping_status":"closed","template":"","tags":[],"categoria_noticias":[],"class_list":["post-7910","noticias","type-noticias","status-publish","has-post-thumbnail","hentry"],"acf":[],"mb":[],"mfb_rest_fields":["title","gutenberg_elementor_mode"],"_links":{"self":[{"href":"https:\/\/portal.fgeo.gob.mx\/index.php\/wp-json\/wp\/v2\/noticias\/7910","targetHints":{"allow":["GET"]}}],"collection":[{"href":"https:\/\/portal.fgeo.gob.mx\/index.php\/wp-json\/wp\/v2\/noticias"}],"about":[{"href":"https:\/\/portal.fgeo.gob.mx\/index.php\/wp-json\/wp\/v2\/types\/noticias"}],"author":[{"embeddable":true,"href":"https:\/\/portal.fgeo.gob.mx\/index.php\/wp-json\/wp\/v2\/users\/2"}],"replies":[{"embeddable":true,"href":"https:\/\/portal.fgeo.gob.mx\/index.php\/wp-json\/wp\/v2\/comments?post=7910"}],"wp:featuredmedia":[{"embeddable":true,"href":"https:\/\/portal.fgeo.gob.mx\/index.php\/wp-json\/"}],"wp:attachment":[{"href":"https:\/\/portal.fgeo.gob.mx\/index.php\/wp-json\/wp\/v2\/media?parent=7910"}],"wp:term":[{"taxonomy":"post_tag","embeddable":true,"href":"https:\/\/portal.fgeo.gob.mx\/index.php\/wp-json\/wp\/v2\/tags?post=7910"},{"taxonomy":"categoria_noticias","embeddable":true,"href":"https:\/\/portal.fgeo.gob.mx\/index.php\/wp-json\/wp\/v2\/categoria_noticias?post=7910"}],"curies":[{"name":"wp","href":"https:\/\/api.w.org\/{rel}","templated":true}]}}