{"id":7902,"date":"2024-12-12T12:59:15","date_gmt":"2024-12-12T18:59:15","guid":{"rendered":"https:\/\/fge.oaxaca.gob.mx\/?post_type=noticias&amp;p=7902"},"modified":"2024-12-12T12:59:15","modified_gmt":"2024-12-12T18:59:15","slug":"boletin-1122-fiscalia-de-oaxaca-obtiene-fallo-condenatorio-contra-responsables-de-feminicidio-y-homicidio-calificado-hechos-cometidos-en-ocotlan-de-morelos","status":"publish","type":"noticias","link":"https:\/\/portal.fgeo.gob.mx\/index.php\/archivos\/noticias\/boletin-1122-fiscalia-de-oaxaca-obtiene-fallo-condenatorio-contra-responsables-de-feminicidio-y-homicidio-calificado-hechos-cometidos-en-ocotlan-de-morelos","title":{"rendered":"BOLET\u00cdN 1,122.- Fiscal\u00eda de Oaxaca obtiene fallo condenatorio contra responsables de Feminicidio y Homicidio Calificado, hechos cometidos en Ocotl\u00e1n de Morelos"},"content":{"rendered":"<p>* Una de las v\u00edctimas era precandidata para contender por la presidencia municipal de Ocotl\u00e1n de Morelos<\/p>\n<p>Oaxaca de Ju\u00e1rez, Oax. 12 de diciembre de 2024.- La investigaci\u00f3n de delitos de alto impacto que realiza la Fiscal\u00eda General del Estado de Oaxaca (FGEO) hizo posible la obtenci\u00f3n de un fallo condenatorio en contra de dos personas del sexo masculino identificadas como R.D.M.H. y A.I.G.B., responsables de la comisi\u00f3n de los delitos de Feminicidio y Homicidio Calificado con Ventaja, el primero cometido en agravio de I.G.C. (quien era Precandidata a la presidencia municipal de Ocotl\u00e1n de Morelos), y el segundo cometido en agravio de\u00a0 O.A.R.H., hechos ocurridos en la regi\u00f3n de los Valles Centrales.<\/p>\n<p>De acuerdo con la causa penal, los hechos ocurrieron durante la ma\u00f1ana del 20 de marzo de 2021, cuando las v\u00edctimas salieron de la poblaci\u00f3n de Ocotl\u00e1n de Morelos con direcci\u00f3n a la ciudad de Oaxaca, a bordo de un veh\u00edculo de motor, cuando fueron interceptados sobre la carretera federal a la altura de Santo Tom\u00e1s Jalieza, donde los responsables los agredieron con disparos de arma de fuego.<\/p>\n<p>En el lugar, I.G.C. perdi\u00f3 la vida como consecuencia de las lesiones que sufri\u00f3 durante la agresi\u00f3n, mientras que, O.A.R.H. result\u00f3 lesionado por lo que fue trasladado a un hospital para su atenci\u00f3n m\u00e9dica, donde falleci\u00f3 el 11 de abril de 2021.<\/p>\n<p>Adem\u00e1s, se logr\u00f3 establecer que la v\u00edctima, identificada por las iniciales I.G.C., era precandidata para la presidencia municipal de Ocotl\u00e1n de Morelos, en la regi\u00f3n de los Valles Centrales.<\/p>\n<p>Ante los hechos, la FGEO tom\u00f3 conocimiento del caso e inici\u00f3 los trabajos ministeriales al respecto. Como resultado de las investigaciones realizadas por la Instituci\u00f3n de procuraci\u00f3n de justicia, se logr\u00f3 obtener y ejecutar las \u00f3rdenes de aprehensi\u00f3n con lo cual fue posible presentar a los imputados ante el Juez de la causa.<\/p>\n<p>En audiencia, el Tribunal de Enjuiciamiento Colegiado, luego de evaluar y analizar los datos de prueba, dict\u00f3 fallo condenatorio en contra de R.D.M.H. y A.I.G.B., por su responsabilidad en la comisi\u00f3n del delito de Feminicidio y Homicidio Calificado con Ventaja, quedando pendiente la fecha para la audiencia de individualizaci\u00f3n de la pena.<\/p>\n<p>El empleo de protocolos y la aplicaci\u00f3n de t\u00e9cnicas cient\u00edficas en las investigaciones de cr\u00edmenes, permiten a la Fiscal\u00eda General de Oaxaca tener certeza en los trabajos de procuraci\u00f3n de justicia en el estado.<\/p>\n<p><img fetchpriority=\"high\" decoding=\"async\" class=\"alignnone size-medium wp-image-7903\" src=\"https:\/\/portal.fgeo.gob.mx\/wp-content\/uploads\/2024\/12\/WhatsApp-Image-2024-12-12-at-12.02.34-PM-1-300x225.jpeg\" alt=\"\" width=\"300\" height=\"225\" \/> <img decoding=\"async\" class=\"alignnone size-medium wp-image-7904\" src=\"https:\/\/portal.fgeo.gob.mx\/wp-content\/uploads\/2024\/12\/WhatsApp-Image-2024-12-12-at-12.02.34-PM-300x215.jpeg\" alt=\"\" width=\"300\" height=\"215\" \/><\/p>\n","protected":false},"author":2,"featured_media":7869,"comment_status":"closed","ping_status":"closed","template":"","tags":[],"categoria_noticias":[],"class_list":["post-7902","noticias","type-noticias","status-publish","has-post-thumbnail","hentry"],"acf":[],"mb":[],"mfb_rest_fields":["title","gutenberg_elementor_mode"],"_links":{"self":[{"href":"https:\/\/portal.fgeo.gob.mx\/index.php\/wp-json\/wp\/v2\/noticias\/7902","targetHints":{"allow":["GET"]}}],"collection":[{"href":"https:\/\/portal.fgeo.gob.mx\/index.php\/wp-json\/wp\/v2\/noticias"}],"about":[{"href":"https:\/\/portal.fgeo.gob.mx\/index.php\/wp-json\/wp\/v2\/types\/noticias"}],"author":[{"embeddable":true,"href":"https:\/\/portal.fgeo.gob.mx\/index.php\/wp-json\/wp\/v2\/users\/2"}],"replies":[{"embeddable":true,"href":"https:\/\/portal.fgeo.gob.mx\/index.php\/wp-json\/wp\/v2\/comments?post=7902"}],"wp:featuredmedia":[{"embeddable":true,"href":"https:\/\/portal.fgeo.gob.mx\/index.php\/wp-json\/"}],"wp:attachment":[{"href":"https:\/\/portal.fgeo.gob.mx\/index.php\/wp-json\/wp\/v2\/media?parent=7902"}],"wp:term":[{"taxonomy":"post_tag","embeddable":true,"href":"https:\/\/portal.fgeo.gob.mx\/index.php\/wp-json\/wp\/v2\/tags?post=7902"},{"taxonomy":"categoria_noticias","embeddable":true,"href":"https:\/\/portal.fgeo.gob.mx\/index.php\/wp-json\/wp\/v2\/categoria_noticias?post=7902"}],"curies":[{"name":"wp","href":"https:\/\/api.w.org\/{rel}","templated":true}]}}