{"id":7888,"date":"2024-12-11T13:23:26","date_gmt":"2024-12-11T19:23:26","guid":{"rendered":"https:\/\/fge.oaxaca.gob.mx\/?post_type=noticias&amp;p=7888"},"modified":"2024-12-11T13:23:26","modified_gmt":"2024-12-11T19:23:26","slug":"boletin-1118-obtiene-fgeo-prision-preventiva-contra-dos-personas-y-solicita-vinculacion-a-proceso-por-el-delito-de-homicidio-ocurrido-en-el-distrito-de-putla","status":"publish","type":"noticias","link":"https:\/\/portal.fgeo.gob.mx\/index.php\/archivos\/noticias\/boletin-1118-obtiene-fgeo-prision-preventiva-contra-dos-personas-y-solicita-vinculacion-a-proceso-por-el-delito-de-homicidio-ocurrido-en-el-distrito-de-putla","title":{"rendered":"BOLET\u00cdN 1,118.- Obtiene FGEO prisi\u00f3n preventiva contra dos personas y solicita vinculaci\u00f3n a proceso por el delito de homicidio ocurrido en el distrito de Putla"},"content":{"rendered":"<p>Oaxaca de Ju\u00e1rez, Oax. 11 de diciembre de 2024.- La Fiscal\u00eda General del Estado de Oaxaca (FGEO) aprehendi\u00f3 y llev\u00f3 ante el Juez a dos personas del sexo masculino identificados como O.D.O. y CD.O., imputados por el delito de homicidio calificado con ventaja, cometido en el distrito de Putla Villa de Guerrero.<\/p>\n<p>De acuerdo con el expediente penal del caso, los hechos ocurrieron el 15 de junio de 2024, cuando la v\u00edctima -un hombre identificado como M.H.M.- circulaba a bordo de una unidad de motor, perteneciente a la l\u00ednea de transportes &#8220;Tierra de Humo&#8221;, sobre el paraje Curva del Sur o Capilla del Sur, ubicada sobre la carretera federal perteneciente a la comunidad de San Isidro de Morelos jurisdicci\u00f3n de Putla villa de Guerrero.<\/p>\n<p>La investigaci\u00f3n revela que, en ese lugar, la v\u00edctima fue interceptada por un grupo de personas, que lo atacaron con disparos de arma de fuego, privandolo de la vida.<\/p>\n<p>Ante estos hechos, la FGEO inici\u00f3 las investigaciones a trav\u00e9s de la Vicefiscal\u00eda Regional de la Mixteca, gracias a las cuales fue posible la aprehensi\u00f3n y detenci\u00f3n de los imputados en inmediaciones del exterior del Centro de Reinserci\u00f3n Social Federal de Miahuatl\u00e1n de Porfirio D\u00edaz, quienes fueron puestos a disposici\u00f3n de la autoridad ministerial correspondiente para determinar su situaci\u00f3n legal.<\/p>\n<p>Luego de la primera audiencia y, gracias a las investigaciones iniciales realizadas por la FGEO, el Juez que atiende la causa comunic\u00f3 la imputaci\u00f3n y el Ministerio P\u00fablico solicit\u00f3 auto de vinculaci\u00f3n a proceso en contra de ambos imputados, a quienes impusieron la medida cautelar de prisi\u00f3n preventiva oficiosa.<\/p>\n<p>La Fiscal\u00eda General garantiza investigaciones exhaustivas para esclarecer delitos, aplicando las herramientas legales para castigar a quien o quienes resulten responsables.<\/p>\n<figure id=\"attachment_7889\" aria-describedby=\"caption-attachment-7889\" style=\"width: 259px\" class=\"wp-caption alignnone\"><img fetchpriority=\"high\" decoding=\"async\" class=\"size-medium wp-image-7889\" src=\"https:\/\/portal.fgeo.gob.mx\/wp-content\/uploads\/2024\/12\/Dise%C3%B1o-sin-t%C3%ADtulo-1-2-259x300.jpg\" alt=\"\" width=\"259\" height=\"300\" \/><figcaption id=\"caption-attachment-7889\" class=\"wp-caption-text\">Dise\u00f1o sin t\u00edtulo &#8211; 1<\/figcaption><\/figure>\n<figure id=\"attachment_7890\" aria-describedby=\"caption-attachment-7890\" style=\"width: 255px\" class=\"wp-caption alignnone\"><img decoding=\"async\" class=\"size-medium wp-image-7890\" src=\"https:\/\/portal.fgeo.gob.mx\/wp-content\/uploads\/2024\/12\/Dise%C3%B1o-sin-t%C3%ADtulo-6-255x300.jpg\" alt=\"\" width=\"255\" height=\"300\" \/><figcaption id=\"caption-attachment-7890\" class=\"wp-caption-text\">Dise\u00f1o sin t\u00edtulo &#8211; 1<\/figcaption><\/figure>\n","protected":false},"author":2,"featured_media":7869,"comment_status":"closed","ping_status":"closed","template":"","tags":[],"categoria_noticias":[],"class_list":["post-7888","noticias","type-noticias","status-publish","has-post-thumbnail","hentry"],"acf":[],"mb":[],"mfb_rest_fields":["title","gutenberg_elementor_mode"],"_links":{"self":[{"href":"https:\/\/portal.fgeo.gob.mx\/index.php\/wp-json\/wp\/v2\/noticias\/7888","targetHints":{"allow":["GET"]}}],"collection":[{"href":"https:\/\/portal.fgeo.gob.mx\/index.php\/wp-json\/wp\/v2\/noticias"}],"about":[{"href":"https:\/\/portal.fgeo.gob.mx\/index.php\/wp-json\/wp\/v2\/types\/noticias"}],"author":[{"embeddable":true,"href":"https:\/\/portal.fgeo.gob.mx\/index.php\/wp-json\/wp\/v2\/users\/2"}],"replies":[{"embeddable":true,"href":"https:\/\/portal.fgeo.gob.mx\/index.php\/wp-json\/wp\/v2\/comments?post=7888"}],"wp:featuredmedia":[{"embeddable":true,"href":"https:\/\/portal.fgeo.gob.mx\/index.php\/wp-json\/"}],"wp:attachment":[{"href":"https:\/\/portal.fgeo.gob.mx\/index.php\/wp-json\/wp\/v2\/media?parent=7888"}],"wp:term":[{"taxonomy":"post_tag","embeddable":true,"href":"https:\/\/portal.fgeo.gob.mx\/index.php\/wp-json\/wp\/v2\/tags?post=7888"},{"taxonomy":"categoria_noticias","embeddable":true,"href":"https:\/\/portal.fgeo.gob.mx\/index.php\/wp-json\/wp\/v2\/categoria_noticias?post=7888"}],"curies":[{"name":"wp","href":"https:\/\/api.w.org\/{rel}","templated":true}]}}