{"id":7875,"date":"2024-12-10T09:21:46","date_gmt":"2024-12-10T15:21:46","guid":{"rendered":"https:\/\/fge.oaxaca.gob.mx\/?post_type=noticias&amp;p=7875"},"modified":"2024-12-10T09:21:46","modified_gmt":"2024-12-10T15:21:46","slug":"boletin-1113-fiscalia-de-oaxaca-detiene-a-dos-personas-del-sexo-masculino-por-el-delito-equiparado-a-la-violacion-y-violencia-familiar-hechos-ocurridos-en-agravio-de-una-adolescente-en-la-region-de","status":"publish","type":"noticias","link":"https:\/\/portal.fgeo.gob.mx\/index.php\/archivos\/noticias\/boletin-1113-fiscalia-de-oaxaca-detiene-a-dos-personas-del-sexo-masculino-por-el-delito-equiparado-a-la-violacion-y-violencia-familiar-hechos-ocurridos-en-agravio-de-una-adolescente-en-la-region-de","title":{"rendered":"BOLET\u00cdN 1,113.- Fiscal\u00eda de Oaxaca detiene a dos personas del sexo masculino por el delito equiparado a la violaci\u00f3n y violencia familiar hechos ocurridos en agravio de una adolescente en la regi\u00f3n de los Valles Centrales"},"content":{"rendered":"<p>Oaxaca de Ju\u00e1rez, Oax. 10 de diciembre de 2024.- Como parte de la estrategia de combate a los delitos cometidos en contra de ni\u00f1as, ni\u00f1os, adolescentes y mujeres, la Fiscal\u00eda General del Estado de Oaxaca (FGEO) realiz\u00f3 la detenci\u00f3n de una persona del sexo masculino identificado como E.H.H., por el delito equiparado a la violaci\u00f3n, as\u00ed como una persona identificada como C.H.M., por el delito de violencia familiar cometido en perjuicio de una menor de edad en la regi\u00f3n de los Valles Centrales.<\/p>\n<p>De acuerdo con la investigaci\u00f3n asentada en el expediente penal del caso, los hechos ocurrieron el 23 de junio de 2024, cuando la v\u00edctima ten\u00eda 13 a\u00f1os de edad (cuya identidad est\u00e1 reservada por ley), se encontraba en un domicilio ubicado en el municipio de Asunci\u00f3n Ocotl\u00e1n, sitio en el que fue agredida sexualmente.<\/p>\n<p>Como resultado de las labores de campo, se logr\u00f3 la detenci\u00f3n de E.H.H., (t\u00edo de la v\u00edctima), as\u00ed como de C.H.M. (abuelo de la v\u00edctima), quienes fueron presentados ante el ministerio p\u00fablico correspondiente, y a la brevedad ante el Juez de Control para determinar su situaci\u00f3n legal.<\/p>\n<p>La Fiscal\u00eda de Oaxaca brinda acompa\u00f1amiento integral a las v\u00edctimas de delitos sexuales, principalmente cuando se trata de ni\u00f1as, ni\u00f1os y adolescentes, para fortalecer las labores de procuraci\u00f3n de justicia.<\/p>\n<p><img decoding=\"async\" class=\"alignnone size-medium wp-image-7876\" src=\"https:\/\/portal.fgeo.gob.mx\/wp-content\/uploads\/2024\/12\/WhatsApp-Image-2024-12-10-at-9.15.05-AM-300x130.jpeg\" alt=\"\" width=\"300\" height=\"130\" \/><\/p>\n","protected":false},"author":2,"featured_media":7869,"comment_status":"closed","ping_status":"closed","template":"","tags":[],"categoria_noticias":[],"class_list":["post-7875","noticias","type-noticias","status-publish","has-post-thumbnail","hentry"],"acf":[],"mb":[],"mfb_rest_fields":["title","gutenberg_elementor_mode"],"_links":{"self":[{"href":"https:\/\/portal.fgeo.gob.mx\/index.php\/wp-json\/wp\/v2\/noticias\/7875","targetHints":{"allow":["GET"]}}],"collection":[{"href":"https:\/\/portal.fgeo.gob.mx\/index.php\/wp-json\/wp\/v2\/noticias"}],"about":[{"href":"https:\/\/portal.fgeo.gob.mx\/index.php\/wp-json\/wp\/v2\/types\/noticias"}],"author":[{"embeddable":true,"href":"https:\/\/portal.fgeo.gob.mx\/index.php\/wp-json\/wp\/v2\/users\/2"}],"replies":[{"embeddable":true,"href":"https:\/\/portal.fgeo.gob.mx\/index.php\/wp-json\/wp\/v2\/comments?post=7875"}],"wp:featuredmedia":[{"embeddable":true,"href":"https:\/\/portal.fgeo.gob.mx\/index.php\/wp-json\/"}],"wp:attachment":[{"href":"https:\/\/portal.fgeo.gob.mx\/index.php\/wp-json\/wp\/v2\/media?parent=7875"}],"wp:term":[{"taxonomy":"post_tag","embeddable":true,"href":"https:\/\/portal.fgeo.gob.mx\/index.php\/wp-json\/wp\/v2\/tags?post=7875"},{"taxonomy":"categoria_noticias","embeddable":true,"href":"https:\/\/portal.fgeo.gob.mx\/index.php\/wp-json\/wp\/v2\/categoria_noticias?post=7875"}],"curies":[{"name":"wp","href":"https:\/\/api.w.org\/{rel}","templated":true}]}}