{"id":7851,"date":"2024-12-05T12:04:53","date_gmt":"2024-12-05T18:04:53","guid":{"rendered":"https:\/\/fge.oaxaca.gob.mx\/?post_type=noticias&amp;p=7851"},"modified":"2024-12-05T12:04:53","modified_gmt":"2024-12-05T18:04:53","slug":"boletin-1103-detiene-fgeo-a-cuatro-personas-por-el-delito-de-violencia-familiar-derivado-de-acciones-realizadas-en-diferentes-regiones-de-oaxaca","status":"publish","type":"noticias","link":"https:\/\/portal.fgeo.gob.mx\/index.php\/archivos\/noticias\/boletin-1103-detiene-fgeo-a-cuatro-personas-por-el-delito-de-violencia-familiar-derivado-de-acciones-realizadas-en-diferentes-regiones-de-oaxaca","title":{"rendered":"BOLET\u00cdN 1,103.- Detiene FGEO a cuatro personas por el delito de violencia familiar, derivado de acciones realizadas en diferentes regiones de Oaxaca"},"content":{"rendered":"<p>Oaxaca de Ju\u00e1rez, Oax. 05 de diciembre de 2024.- La Fiscal\u00eda General del Estado de Oaxaca (FGEO) implementa estrategias de procuraci\u00f3n de justicia con perspectiva de g\u00e9nero, a trav\u00e9s de las cuales brinda atenci\u00f3n prioritaria a los casos relacionados con el delito de violencia familiar, por ello realiz\u00f3 operativos para ejecutar \u00f3rdenes de aprehensi\u00f3n en las regiones de la Costa, Istmo y Sierra de Flores Mag\u00f3n.<\/p>\n<p>El organismo procurador de justicia detall\u00f3 que en la regi\u00f3n de la Costa ejecut\u00f3 dos \u00f3rdenes de aprehensi\u00f3n, una en contra de L.A.B.E y otra fue para detener a D.H.J., mientras que en la regi\u00f3n del Istmo aprendi\u00f3 a B.S.V., y en la regi\u00f3n de la Sierra de Flores Mag\u00f3n fue detenido U.G.P.Z., todos ellos imputados por el delito de violencia familiar.<\/p>\n<p>La Fiscal\u00eda de Oaxaca articul\u00f3 acciones de investigaci\u00f3n que permitieron reunir los datos de prueba necesarios y los present\u00f3 ante los jueces, quienes despu\u00e9s de evaluar las acciones ministeriales determinaron emitir las \u00f3rdenes de aprehensi\u00f3n.<\/p>\n<p>Para darle cumplimiento, la Fiscal\u00eda General del Estado implement\u00f3 -en forma coordinada- diversos operativos a trav\u00e9s de elementos de la Agencia Estatal de Investigaciones, que dieron como resultado la detenci\u00f3n de las cuatro personas, quienes ser\u00e1n presentados ante la autoridad competente para que se determine su situaci\u00f3n jur\u00eddica.<\/p>\n<p>La Fiscal\u00eda de Oaxaca indic\u00f3 que est\u00e1 comprometida con procurar justicia en los casos de violencia familiar en cualquiera de sus modalidades, pues atender este tipo de delitos, lo que permite garantizar a ni\u00f1as, ni\u00f1os, adolescentes y mujeres el acceso a su derecho a la justicia y a una vida libre de violencia.<\/p>\n<figure id=\"attachment_7852\" aria-describedby=\"caption-attachment-7852\" style=\"width: 300px\" class=\"wp-caption alignnone\"><img fetchpriority=\"high\" decoding=\"async\" class=\"size-medium wp-image-7852\" src=\"https:\/\/portal.fgeo.gob.mx\/wp-content\/uploads\/2024\/12\/Dise%C3%B1o-sin-t%C3%ADtulo-1-1-300x293.jpg\" alt=\"\" width=\"300\" height=\"293\" \/><figcaption id=\"caption-attachment-7852\" class=\"wp-caption-text\">Dise\u00f1o sin t\u00edtulo &#8211; 1<\/figcaption><\/figure>\n<figure id=\"attachment_7853\" aria-describedby=\"caption-attachment-7853\" style=\"width: 300px\" class=\"wp-caption alignnone\"><img decoding=\"async\" class=\"size-medium wp-image-7853\" src=\"https:\/\/portal.fgeo.gob.mx\/wp-content\/uploads\/2024\/12\/Dise%C3%B1o-sin-t%C3%ADtulo-2-300x292.jpg\" alt=\"\" width=\"300\" height=\"292\" \/><figcaption id=\"caption-attachment-7853\" class=\"wp-caption-text\">Dise\u00f1o sin t\u00edtulo &#8211; 1<\/figcaption><\/figure>\n<figure id=\"attachment_7854\" aria-describedby=\"caption-attachment-7854\" style=\"width: 300px\" class=\"wp-caption alignnone\"><img decoding=\"async\" class=\"size-medium wp-image-7854\" src=\"https:\/\/portal.fgeo.gob.mx\/wp-content\/uploads\/2024\/12\/Dise%C3%B1o-sin-t%C3%ADtulo-3-300x284.jpg\" alt=\"\" width=\"300\" height=\"284\" \/><figcaption id=\"caption-attachment-7854\" class=\"wp-caption-text\">Dise\u00f1o sin t\u00edtulo &#8211; 1<\/figcaption><\/figure>\n<figure id=\"attachment_7855\" aria-describedby=\"caption-attachment-7855\" style=\"width: 295px\" class=\"wp-caption alignnone\"><img loading=\"lazy\" decoding=\"async\" class=\"size-medium wp-image-7855\" src=\"https:\/\/portal.fgeo.gob.mx\/wp-content\/uploads\/2024\/12\/Dise%C3%B1o-sin-t%C3%ADtulo-4-295x300.jpg\" alt=\"\" width=\"295\" height=\"300\" \/><figcaption id=\"caption-attachment-7855\" class=\"wp-caption-text\">Dise\u00f1o sin t\u00edtulo &#8211; 1<\/figcaption><\/figure>\n","protected":false},"author":2,"featured_media":7806,"comment_status":"closed","ping_status":"closed","template":"","tags":[],"categoria_noticias":[],"class_list":["post-7851","noticias","type-noticias","status-publish","has-post-thumbnail","hentry"],"acf":[],"mb":[],"mfb_rest_fields":["title","gutenberg_elementor_mode"],"_links":{"self":[{"href":"https:\/\/portal.fgeo.gob.mx\/index.php\/wp-json\/wp\/v2\/noticias\/7851","targetHints":{"allow":["GET"]}}],"collection":[{"href":"https:\/\/portal.fgeo.gob.mx\/index.php\/wp-json\/wp\/v2\/noticias"}],"about":[{"href":"https:\/\/portal.fgeo.gob.mx\/index.php\/wp-json\/wp\/v2\/types\/noticias"}],"author":[{"embeddable":true,"href":"https:\/\/portal.fgeo.gob.mx\/index.php\/wp-json\/wp\/v2\/users\/2"}],"replies":[{"embeddable":true,"href":"https:\/\/portal.fgeo.gob.mx\/index.php\/wp-json\/wp\/v2\/comments?post=7851"}],"wp:featuredmedia":[{"embeddable":true,"href":"https:\/\/portal.fgeo.gob.mx\/index.php\/wp-json\/"}],"wp:attachment":[{"href":"https:\/\/portal.fgeo.gob.mx\/index.php\/wp-json\/wp\/v2\/media?parent=7851"}],"wp:term":[{"taxonomy":"post_tag","embeddable":true,"href":"https:\/\/portal.fgeo.gob.mx\/index.php\/wp-json\/wp\/v2\/tags?post=7851"},{"taxonomy":"categoria_noticias","embeddable":true,"href":"https:\/\/portal.fgeo.gob.mx\/index.php\/wp-json\/wp\/v2\/categoria_noticias?post=7851"}],"curies":[{"name":"wp","href":"https:\/\/api.w.org\/{rel}","templated":true}]}}