{"id":7751,"date":"2024-11-26T13:00:42","date_gmt":"2024-11-26T19:00:42","guid":{"rendered":"https:\/\/fge.oaxaca.gob.mx\/?post_type=noticias&amp;p=7751"},"modified":"2024-11-26T13:00:42","modified_gmt":"2024-11-26T19:00:42","slug":"boletin-1080-fiscalia-de-oaxaca-realiza-cateo-en-san-pedro-ixtlahuaca-y-aprehende-a-un-hombre-por-homicidio","status":"publish","type":"noticias","link":"https:\/\/portal.fgeo.gob.mx\/index.php\/archivos\/noticias\/boletin-1080-fiscalia-de-oaxaca-realiza-cateo-en-san-pedro-ixtlahuaca-y-aprehende-a-un-hombre-por-homicidio","title":{"rendered":"BOLET\u00cdN 1,080.- Fiscal\u00eda de Oaxaca realiza cateo en San Pedro Ixtlahuaca y aprehende a un hombre por Homicidio"},"content":{"rendered":"<p>Oaxaca de Ju\u00e1rez, Oax., a 26 de noviembre de 2024.- La Fiscal\u00eda General del Estado de Oaxaca (FGEO) despleg\u00f3 a un equipo t\u00e1ctico de la Agencia Estatal de Investigaciones (AEI) para realizar un cateo en un domicilio de San Pedro Ixtlahuaca con el objetivo de dar cumplimiento a una orden de aprehensi\u00f3n en contra de una persona identificada como A.H.M.R., por el delito de Homicidio Calificado en agravio de G.R.O., cometido en la regi\u00f3n de la Mixteca.<\/p>\n<p>El despliegue policial fue ejecutado por agentes de investigaci\u00f3n adscritos a la Comandancia General del Sector de Valles Centrales, en un domicilio ubicado entre las calles Benito Ju\u00e1rez y Libertad de San Pedro Ixtlahuaca, municipio conurbano a la ciudad de Oaxaca.<\/p>\n<p>Luego de la detenci\u00f3n, A.H.M.R. fue puesto a disposici\u00f3n del Ministerio P\u00fablico de Delitos de Alto Impacto de la Vicefiscal\u00eda Regional de Valles Centrales\u00a0 para su proceso legal correspondiente.<\/p>\n<p>Los hechos que se le imputan, de acuerdo a la carpeta de investigaci\u00f3n, ocurrieron el 09 de diciembre de 2022, cuando la v\u00edctima viajaba junto con A.H.M.R., a bordo de una unidad de motor sobre la carretera que conduce a Tamazul\u00e1pam del Progreso -en la regi\u00f3n de la Mixteca- donde fue privado de la vida por disparos de arma de fuego.<\/p>\n<p>La investigaci\u00f3n revela que el cuerpo de la v\u00edctima fue hallado a un costado de la carretera de la poblaci\u00f3n de Chilapa de D\u00edaz, perteneciente al distrito de San Pedro y San Pablo Teposcolula.<\/p>\n<p>La actuaci\u00f3n ministerial respaldada con los resultados de las pruebas cient\u00edficas y periciales que realiza la Fiscal\u00eda de Oaxaca, a trav\u00e9s de las diferentes \u00e1reas de especializaci\u00f3n, hacen m\u00e1s eficientes las labores en torno a la procuraci\u00f3n de justicia a favor de las v\u00edctimas.<\/p>\n<figure id=\"attachment_7752\" aria-describedby=\"caption-attachment-7752\" style=\"width: 300px\" class=\"wp-caption alignnone\"><img fetchpriority=\"high\" decoding=\"async\" class=\"size-medium wp-image-7752\" src=\"https:\/\/portal.fgeo.gob.mx\/wp-content\/uploads\/2024\/11\/Dise%C3%B1o-sin-t%C3%ADtulo-1-4-300x256.jpg\" alt=\"\" width=\"300\" height=\"256\" \/><figcaption id=\"caption-attachment-7752\" class=\"wp-caption-text\">Dise\u00f1o sin t\u00edtulo &#8211; 1<\/figcaption><\/figure>\n","protected":false},"author":2,"featured_media":7730,"comment_status":"closed","ping_status":"closed","template":"","tags":[],"categoria_noticias":[],"class_list":["post-7751","noticias","type-noticias","status-publish","has-post-thumbnail","hentry"],"acf":[],"mb":[],"mfb_rest_fields":["title","gutenberg_elementor_mode"],"_links":{"self":[{"href":"https:\/\/portal.fgeo.gob.mx\/index.php\/wp-json\/wp\/v2\/noticias\/7751","targetHints":{"allow":["GET"]}}],"collection":[{"href":"https:\/\/portal.fgeo.gob.mx\/index.php\/wp-json\/wp\/v2\/noticias"}],"about":[{"href":"https:\/\/portal.fgeo.gob.mx\/index.php\/wp-json\/wp\/v2\/types\/noticias"}],"author":[{"embeddable":true,"href":"https:\/\/portal.fgeo.gob.mx\/index.php\/wp-json\/wp\/v2\/users\/2"}],"replies":[{"embeddable":true,"href":"https:\/\/portal.fgeo.gob.mx\/index.php\/wp-json\/wp\/v2\/comments?post=7751"}],"wp:featuredmedia":[{"embeddable":true,"href":"https:\/\/portal.fgeo.gob.mx\/index.php\/wp-json\/"}],"wp:attachment":[{"href":"https:\/\/portal.fgeo.gob.mx\/index.php\/wp-json\/wp\/v2\/media?parent=7751"}],"wp:term":[{"taxonomy":"post_tag","embeddable":true,"href":"https:\/\/portal.fgeo.gob.mx\/index.php\/wp-json\/wp\/v2\/tags?post=7751"},{"taxonomy":"categoria_noticias","embeddable":true,"href":"https:\/\/portal.fgeo.gob.mx\/index.php\/wp-json\/wp\/v2\/categoria_noticias?post=7751"}],"curies":[{"name":"wp","href":"https:\/\/api.w.org\/{rel}","templated":true}]}}