{"id":7740,"date":"2024-11-25T17:58:43","date_gmt":"2024-11-25T23:58:43","guid":{"rendered":"https:\/\/fge.oaxaca.gob.mx\/?post_type=noticias&amp;p=7740"},"modified":"2024-11-25T17:58:43","modified_gmt":"2024-11-25T23:58:43","slug":"boletin1078-fiscalia-de-oaxaca-reafirma-su-compromiso-de-impulsar-una-procuracion-de-justicia-especializada-a-favor-de-ninas-y-mujeres-victimas-de-violencia","status":"publish","type":"noticias","link":"https:\/\/portal.fgeo.gob.mx\/index.php\/archivos\/noticias\/boletin1078-fiscalia-de-oaxaca-reafirma-su-compromiso-de-impulsar-una-procuracion-de-justicia-especializada-a-favor-de-ninas-y-mujeres-victimas-de-violencia","title":{"rendered":"BOLET\u00cdN1,078.- Fiscal\u00eda de Oaxaca reafirma su compromiso de impulsar una procuraci\u00f3n de justicia especializada a favor de ni\u00f1as y mujeres v\u00edctimas de violencia"},"content":{"rendered":"<p>Oaxaca de Ju\u00e1rez, Oax., a 25 de noviembre de 2024.- En el marco del 25 de noviembre, D\u00eda Internacional de la Eliminaci\u00f3n de la Violencia contra la Mujer, la Fiscal\u00eda General del Estado de Oaxaca (FGEO) llev\u00f3 a cabo la presentaci\u00f3n de la Estrategia para el Fortalecimiento de la Perspectiva de G\u00e9nero, acci\u00f3n que se realiza como parte del proceso de reingenier\u00eda institucional, asimismo busca reafirmar el compromiso de impulsar una procuraci\u00f3n de justicia especializada a favor de las ni\u00f1as y mujeres v\u00edctimas de violencia.<\/p>\n<p>El evento cont\u00f3 con la participaci\u00f3n de la directora de la Unidad de An\u00e1lisis y Contexto de la instituci\u00f3n procuradora de justicia, Diana Alva Pazar\u00e1n; la fiscal Especializada para la Atenci\u00f3n a Delitos Contra la Mujer por Raz\u00f3n de G\u00e9nero de la FGEO, Margarita Guzm\u00e1n Corsi; as\u00ed como la presidenta de la Comisi\u00f3n Permanente de Mujeres e Igualdad de G\u00e9nero del Congreso del estado, la diputada Dennis Garc\u00eda Guti\u00e9rrez y el vicefiscal general de Control Operativo de la FGEO, Alejandro Alonso Ram\u00edrez Hern\u00e1ndez.<\/p>\n<p>Durante su intervenci\u00f3n la fiscal especializada para la Atenci\u00f3n a Delitos Contra la Mujer por Raz\u00f3n de G\u00e9nero de la FGEO, Margarita Guzm\u00e1n Corsi, indic\u00f3 que, es necesario adoptar una perspectiva de g\u00e9nero en todas las esferas, con el objetivo de comprender y abordar las causas estructurales de esta problem\u00e1tica, con ello identificar y desmantelar los sistemas de poder que perpet\u00faan la violencia y la discriminaci\u00f3n contra las mujeres.<\/p>\n<p>Para ello, es fundamental una acci\u00f3n integral y coordinada, por lo que esta estrategia se articula en cinco ejes principales:<\/p>\n<p>El primer eje, el fortalecimiento institucional mediante la armonizaci\u00f3n de las normas vigentes, la creaci\u00f3n de nuevas \u00e1reas especializadas como la Unidad de An\u00e1lisis y Contexto, y el desarrollo de herramientas m\u00e1s efectivas y alineadas con los est\u00e1ndares internacionales, a fin de garantizar una atenci\u00f3n integral y efectiva a las v\u00edctimas de violencia de g\u00e9nero.<\/p>\n<p>El segundo eje, la formaci\u00f3n especializada para el personal, abordando temas como la aplicaci\u00f3n del Manual de Investigaci\u00f3n y Litigaci\u00f3n con Perspectiva de G\u00e9nero, la emisi\u00f3n de \u00f3rdenes de protecci\u00f3n y el an\u00e1lisis contextual de casos de feminicidio, con el objetivo de fortalecer las habilidades de los operadores de justicia y promover una atenci\u00f3n integral a las v\u00edctimas.<\/p>\n<p>El tercer eje, la implementaci\u00f3n de nuevas herramientas institucionales, como el Protocolo Intercultural para la Atenci\u00f3n Integral de Mujeres V\u00edctimas de Violencia de G\u00e9nero en el \u00c1mbito Familiar, as\u00ed como otros manuales y gu\u00edas con el objetivo de estandarizar los procesos y brindar una atenci\u00f3n integral a las v\u00edctimas.<\/p>\n<p>El cuarto eje, actos simb\u00f3licos: la asignaci\u00f3n del nombre de Digna Ochoa a un espacio institucional es un ejemplo de c\u00f3mo la Fiscal\u00eda busca reconocer la lucha de las mujeres defensoras de derechos humanos y con ello promover una cultura de respeto hacia el interior de la instituci\u00f3n.<\/p>\n<p>Y el quinto eje, la articulaci\u00f3n interinstitucional a trav\u00e9s de la participaci\u00f3n en diversos comit\u00e9s para implementar capacitaciones, seguimiento de casos y creaci\u00f3n de acciones coordinadas.<\/p>\n<p>Lo anterior, con el objetivo de transformar a la Fiscal\u00eda de Oaxaca en una instituci\u00f3n m\u00e1s sensible y eficaz en la atenci\u00f3n a las mujeres v\u00edctimas de violencia, contribuyendo as\u00ed a la construcci\u00f3n de una sociedad m\u00e1s justa y equitativa a trav\u00e9s de la perspectiva de g\u00e9nero.<\/p>\n<p>Por su parte, la presidenta de la Comisi\u00f3n Permanente de Mujeres e Igualdad de G\u00e9nero del Congreso del estado, Dennis Garc\u00eda Guti\u00e9rrez, sostuvo que se necesitan acciones urgentes para atender el tema de g\u00e9nero y con ello, eliminar las brechas de desigualdad existentes.<\/p>\n<p>Ante ello, celebr\u00f3 esta acci\u00f3n efectuada por la Fiscal\u00eda de Oaxaca, pues fortalece la perspectiva de g\u00e9nero, permitiendo a su vez investigaciones de manera eficiente, pronta y expedita a favor de las v\u00edctimas, indic\u00f3.<\/p>\n<p>Posteriormente, se realiz\u00f3 la Conferencia Magistral \u201cEl an\u00e1lisis de contexto en la desaparici\u00f3n de mujeres relacionada con el delito de feminicidio: sus alcances y desaf\u00edos\u201d, a cargo de la experta en An\u00e1lisis, Contexto y B\u00fasqueda de personas, Adriana Gonz\u00e1lez Veloz, actividad que da inici\u00f3 a 16 d\u00edas de activismo que concluyen el 10 de diciembre, D\u00eda Internacional de los Derechos Humanos.<\/p>\n<p><img fetchpriority=\"high\" decoding=\"async\" class=\"alignnone size-medium wp-image-7741\" src=\"https:\/\/portal.fgeo.gob.mx\/wp-content\/uploads\/2024\/11\/WhatsApp-Image-2024-11-25-at-4.30.53-PM-2-300x181.jpeg\" alt=\"\" width=\"300\" height=\"181\" \/> <img decoding=\"async\" class=\"alignnone size-medium wp-image-7742\" src=\"https:\/\/portal.fgeo.gob.mx\/wp-content\/uploads\/2024\/11\/WhatsApp-Image-2024-11-25-at-4.30.53-PM-1-300x200.jpeg\" alt=\"\" width=\"300\" height=\"200\" \/> <img decoding=\"async\" class=\"alignnone size-medium wp-image-7743\" src=\"https:\/\/portal.fgeo.gob.mx\/wp-content\/uploads\/2024\/11\/WhatsApp-Image-2024-11-25-at-4.30.53-PM-300x178.jpeg\" alt=\"\" width=\"300\" height=\"178\" \/> <img loading=\"lazy\" decoding=\"async\" class=\"alignnone size-medium wp-image-7744\" src=\"https:\/\/portal.fgeo.gob.mx\/wp-content\/uploads\/2024\/11\/WhatsApp-Image-2024-11-25-at-4.30.52-PM-2-300x204.jpeg\" alt=\"\" width=\"300\" height=\"204\" \/> <img loading=\"lazy\" decoding=\"async\" class=\"alignnone size-medium wp-image-7745\" src=\"https:\/\/portal.fgeo.gob.mx\/wp-content\/uploads\/2024\/11\/WhatsApp-Image-2024-11-25-at-4.30.52-PM-1-300x178.jpeg\" alt=\"\" width=\"300\" height=\"178\" \/> <img loading=\"lazy\" decoding=\"async\" class=\"alignnone size-medium wp-image-7746\" src=\"https:\/\/portal.fgeo.gob.mx\/wp-content\/uploads\/2024\/11\/WhatsApp-Image-2024-11-25-at-4.30.52-PM-300x188.jpeg\" alt=\"\" width=\"300\" height=\"188\" \/> <img loading=\"lazy\" decoding=\"async\" class=\"alignnone size-medium wp-image-7747\" src=\"https:\/\/portal.fgeo.gob.mx\/wp-content\/uploads\/2024\/11\/WhatsApp-Image-2024-11-25-at-4.30.51-PM-1-300x204.jpeg\" alt=\"\" width=\"300\" height=\"204\" \/> <img loading=\"lazy\" decoding=\"async\" class=\"alignnone size-medium wp-image-7748\" src=\"https:\/\/portal.fgeo.gob.mx\/wp-content\/uploads\/2024\/11\/WhatsApp-Image-2024-11-25-at-4.30.51-PM-300x201.jpeg\" alt=\"\" width=\"300\" height=\"201\" \/><\/p>\n","protected":false},"author":2,"featured_media":7730,"comment_status":"closed","ping_status":"closed","template":"","tags":[],"categoria_noticias":[],"class_list":["post-7740","noticias","type-noticias","status-publish","has-post-thumbnail","hentry"],"acf":[],"mb":[],"mfb_rest_fields":["title","gutenberg_elementor_mode"],"_links":{"self":[{"href":"https:\/\/portal.fgeo.gob.mx\/index.php\/wp-json\/wp\/v2\/noticias\/7740","targetHints":{"allow":["GET"]}}],"collection":[{"href":"https:\/\/portal.fgeo.gob.mx\/index.php\/wp-json\/wp\/v2\/noticias"}],"about":[{"href":"https:\/\/portal.fgeo.gob.mx\/index.php\/wp-json\/wp\/v2\/types\/noticias"}],"author":[{"embeddable":true,"href":"https:\/\/portal.fgeo.gob.mx\/index.php\/wp-json\/wp\/v2\/users\/2"}],"replies":[{"embeddable":true,"href":"https:\/\/portal.fgeo.gob.mx\/index.php\/wp-json\/wp\/v2\/comments?post=7740"}],"wp:featuredmedia":[{"embeddable":true,"href":"https:\/\/portal.fgeo.gob.mx\/index.php\/wp-json\/"}],"wp:attachment":[{"href":"https:\/\/portal.fgeo.gob.mx\/index.php\/wp-json\/wp\/v2\/media?parent=7740"}],"wp:term":[{"taxonomy":"post_tag","embeddable":true,"href":"https:\/\/portal.fgeo.gob.mx\/index.php\/wp-json\/wp\/v2\/tags?post=7740"},{"taxonomy":"categoria_noticias","embeddable":true,"href":"https:\/\/portal.fgeo.gob.mx\/index.php\/wp-json\/wp\/v2\/categoria_noticias?post=7740"}],"curies":[{"name":"wp","href":"https:\/\/api.w.org\/{rel}","templated":true}]}}