{"id":7711,"date":"2024-11-21T15:08:11","date_gmt":"2024-11-21T21:08:11","guid":{"rendered":"https:\/\/fge.oaxaca.gob.mx\/?post_type=noticias&amp;p=7711"},"modified":"2024-11-21T15:08:11","modified_gmt":"2024-11-21T21:08:11","slug":"boletin-1069-fiscalia-de-oaxaca-realiza-rescate-humanitario-de-174-personas-migrantes-tras-acciones-simultaneas-coordinadas-con-guardia-nacional-sedena-policia-estatal-y-policia-vial-en-la-regio","status":"publish","type":"noticias","link":"https:\/\/portal.fgeo.gob.mx\/index.php\/archivos\/noticias\/boletin-1069-fiscalia-de-oaxaca-realiza-rescate-humanitario-de-174-personas-migrantes-tras-acciones-simultaneas-coordinadas-con-guardia-nacional-sedena-policia-estatal-y-policia-vial-en-la-regio","title":{"rendered":"BOLET\u00cdN 1,069.- Fiscal\u00eda de Oaxaca realiza rescate humanitario de 174 personas migrantes, tras acciones simultaneas coordinadas con Guardia Nacional, SEDENA, Polic\u00eda Estatal y Polic\u00eda Vial en la regi\u00f3n del Istmo"},"content":{"rendered":"<p><strong>Oaxaca de Ju\u00e1rez, Oax., a 21 de noviembre de 2024.- <\/strong>Gracias a los trabajos ministeriales efectuados por la Fiscal\u00eda General del Estado de Oaxaca (FGEO) y derivado de cinco acciones simult\u00e1neas en las que particip\u00f3 la Agencia Estatal de Investigaciones (AEI), la Secretar\u00eda de la Defensa Nacional (SEDENA), la Guardia Nacional (GN), Polic\u00eda Estatal y la Polic\u00eda Vial, se logr\u00f3 el rescate humanitario de 174 personas migrantes de distintas nacionalidades, hechos ocurridos en el municipio de Juchit\u00e1n de Zaragoza, as\u00ed como la detenci\u00f3n de cuatro personas.<\/p>\n<p><img fetchpriority=\"high\" decoding=\"async\" class=\"alignnone size-medium wp-image-7712\" src=\"https:\/\/portal.fgeo.gob.mx\/wp-content\/uploads\/2024\/11\/WhatsApp-Image-2024-11-21-at-3.02.30-PM-300x226.jpeg\" alt=\"\" width=\"300\" height=\"226\" \/> <img decoding=\"async\" class=\"alignnone size-medium wp-image-7713\" src=\"https:\/\/portal.fgeo.gob.mx\/wp-content\/uploads\/2024\/11\/WhatsApp-Image-2024-11-21-at-3.02.29-PM-300x169.jpeg\" alt=\"\" width=\"300\" height=\"169\" \/> <img decoding=\"async\" class=\"alignnone size-medium wp-image-7714\" src=\"https:\/\/portal.fgeo.gob.mx\/wp-content\/uploads\/2024\/11\/WhatsApp-Image-2024-11-21-at-3.02.28-PM-300x169.jpeg\" alt=\"\" width=\"300\" height=\"169\" \/><\/p>\n<p>La acci\u00f3n conjunta se ejecut\u00f3 el 20 de noviembre de 2024, de manera coordinada con fuerzas de los tres \u00f3rdenes de gobierno, lo que permiti\u00f3 el rescate humanitario de 174 personas migrantes (entre ellos, 41 menores de edad) de los cuales, 75 son de origen venezolano, 7 de Rep\u00fablica Dominicana, 8 del Salvador, 17 de Colombia, 1 de Bolivia, 26 de Honduras, 9 de Cuba, 1 de Nicaragua, 1 Per\u00fa, 23 de Ecuador, 5 de Guatemala y 1 de Brasil, algunas de ellas se encontraban privadas de su libertad.<\/p>\n<p>Asimismo, se logr\u00f3 la detenci\u00f3n de cuatro personas, quienes fueron puestos a disposici\u00f3n de la autoridad competente.<\/p>\n<p>Tras esta acci\u00f3n interinstitucional, se solicit\u00f3 el apoyo del Instituto Nacional de Migraci\u00f3n para el traslado, resguardo y para la valoraci\u00f3n m\u00e9dica de las personas migrantes, a fin de determinar su estado de salud.<\/p>\n<p><img loading=\"lazy\" decoding=\"async\" class=\"alignnone size-medium wp-image-7715\" src=\"https:\/\/portal.fgeo.gob.mx\/wp-content\/uploads\/2024\/11\/WhatsApp-Image-2024-11-21-at-3.02.32-PM-300x169.jpeg\" alt=\"\" width=\"300\" height=\"169\" \/> <img loading=\"lazy\" decoding=\"async\" class=\"alignnone size-medium wp-image-7716\" src=\"https:\/\/portal.fgeo.gob.mx\/wp-content\/uploads\/2024\/11\/WhatsApp-Image-2024-11-21-at-3.02.31-PM-1-300x169.jpeg\" alt=\"\" width=\"300\" height=\"169\" \/> <img loading=\"lazy\" decoding=\"async\" class=\"alignnone size-medium wp-image-7717\" src=\"https:\/\/portal.fgeo.gob.mx\/wp-content\/uploads\/2024\/11\/WhatsApp-Image-2024-11-21-at-3.02.31-PM-300x169.jpeg\" alt=\"\" width=\"300\" height=\"169\" \/> <img loading=\"lazy\" decoding=\"async\" class=\"alignnone size-medium wp-image-7718\" src=\"https:\/\/portal.fgeo.gob.mx\/wp-content\/uploads\/2024\/11\/WhatsApp-Image-2024-11-21-at-3.02.30-PM-1-226x300.jpeg\" alt=\"\" width=\"226\" height=\"300\" \/><\/p>\n<p>&nbsp;<\/p>\n<p>La Fiscal\u00eda General del Estado de Oaxaca trabaja coordinadamente con instituciones estatales y federales con el objetivo de potenciar la efectividad de las acciones que se realizan para brindar a la sociedad oaxaque\u00f1a mejores resultados en materia de procuraci\u00f3n de justicia.<\/p>\n<p>La Fiscal\u00eda General de Oaxaca reporta los siguientes datos de las personas migrantes rescatadas:<\/p>\n<ol>\n<li>Abraham Mois\u00e9s M.C., de 30 a\u00f1os, Venezuela.<\/li>\n<li>Rosagel V.V., de 20 a\u00f1os, Venezuela.<\/li>\n<li>Jonathan Josue R.S., de 33 a\u00f1os, Venezuela.<\/li>\n<li>Manuel Adelmis M.H., de 23 a\u00f1os, Venezuela.<\/li>\n<li>Anthony Jose O.O., de 22 a\u00f1os, Venezuela.<\/li>\n<li>Abel Jose O.A., de 33 a\u00f1os, Venezuela.<\/li>\n<li>Eyinso Jose B.R., de 26 a\u00f1os, Venezuela.<\/li>\n<li>Francis Vanessa L.L., de 41 a\u00f1os, Venezuela.<\/li>\n<li>Johanna Bettsibel M.P., de 44 a\u00f1os, Venezuela.<\/li>\n<li>Favianny Camila G.M., de 14 a\u00f1os, Venezuela.<\/li>\n<li>Asdrubal Jose R., de 50 a\u00f1os, Venezuela.<\/li>\n<li>Marisol O., de 46 a\u00f1os, Venezuela.<\/li>\n<li>Oskar Eduardo A.P., de 31 a\u00f1os, Venezuela.<\/li>\n<li>Pedro Jose R.A., de 34 a\u00f1os, Venezuela.<\/li>\n<li>David Alejandro R.L., de 16 a\u00f1os, Venezuela.<\/li>\n<li>Angelo Jos\u00e9 P.A., de 23 a\u00f1os, Venezuela.<\/li>\n<li>Richard Manuel A.P., de 27 a\u00f1os, Venezuela.<\/li>\n<li>Darickson Antonio Y.R., de 42 a\u00f1os, Venezuela.<\/li>\n<li>Ronny R.J., de 29 a\u00f1os, Rep\u00fablica Dominicana.<\/li>\n<li>Dany V.C., de 31 a\u00f1os, Rep\u00fablica Dominicana.<\/li>\n<li>Altagracia M.G., de 33 a\u00f1os, Rep\u00fablica Dominicana.<\/li>\n<li>Franklin Louis P., de 32 a\u00f1os, Rep\u00fablica Dominicana.<\/li>\n<li>Carlos Geovanny A.N., de 25 a\u00f1os, El Salvador.<\/li>\n<li>Jonathan Alexander A.R., de 30 a\u00f1os, El Salvador.<\/li>\n<li>Dalgyn M.A., Colombia.<\/li>\n<li>Angelica Margarita V.D., Colombia.<\/li>\n<li>Dayolet M.V., de 5 a\u00f1os, Colombia.<\/li>\n<li>Jorge Andr\u00e9s R.R., de 23 a\u00f1os, Colombia.<\/li>\n<li>Eily Yurany U.D., Colombia.<\/li>\n<li>Davinson C.V., Colombia.<\/li>\n<li>Rosse Mary D.D., de 24 a\u00f1os, Bolivia.<\/li>\n<li>Roy Walter A.M., de 42 a\u00f1os, Honduras.<\/li>\n<li>Roy Walter A.V., de 3 a\u00f1os, Honduras.<\/li>\n<li>Ana Mar\u00eda V.P., de 29 a\u00f1os, Honduras.<\/li>\n<li>Maycol Jafeth V.P., de 11 a\u00f1os, Honduras.<\/li>\n<li>Griselda Jackeline M.R., de 25 a\u00f1os, Honduras.<\/li>\n<li>Alisson Pamela A.M., de 7 a\u00f1os, Honduras.<\/li>\n<li>Jos\u00e9 Rene Z.C., de 28 a\u00f1os, Honduras.<\/li>\n<li>Marvin Javier M.G., de 35 a\u00f1os, Honduras.<\/li>\n<li>Iris Lizeth N.Z., de 33 a\u00f1os, Honduras.<\/li>\n<li>Alexa Elliette M.N., de 3 a\u00f1os, Honduras.<\/li>\n<li>Jessica Dayana N.Z., de 14 a\u00f1os, Honduras.<\/li>\n<li>Amir Orlando N.Z., de 34 a\u00f1os, Honduras.<\/li>\n<li>Yasmany D.B., Cuba.<\/li>\n<li>David Duglas R.G., Cuba.<\/li>\n<li>Yaquelin R.B., de 34 a\u00f1os, Cuba.<\/li>\n<li>Yosleydis F.G., Cuba.<\/li>\n<li>Yoendris C.F., de 35 a\u00f1os, Cuba.<\/li>\n<li>Laiza Gabriela C.Z., de 37 a\u00f1os, Nicaragua.<\/li>\n<\/ol>\n<p>50.- Nixon del Cid C.C., de 27 a\u00f1os de edad, Salvador.<\/p>\n<p>51.- Fernando Alexander P.M., de 25 a\u00f1os, Salvador.<\/p>\n<p>52.- Blanca Oneida G.A., de 23 a\u00f1os, Honduras.<\/p>\n<p>53.- Esdras Magdaleno I.G., de 24 a\u00f1os, Honduras.<\/p>\n<p>54.- Erlin Anahel I.G., de 2 a\u00f1os de edad, Honduras.<\/p>\n<p>55.- Lady Vanessa M.R., de 22 a\u00f1os, Ecuador.<\/p>\n<p>56.-Ashley Jailyn M.R., de 5 a\u00f1os, Ecuador.<\/p>\n<p>57.- Wilson Mateo H.L., de 40 a\u00f1os, Ecuador.<\/p>\n<p>58.- Luis Franklin G.G., de 29 a\u00f1os, Ecuador.<\/p>\n<p>59.- Brandon Stalyn C.A., de 20 a\u00f1os, Ecuador.<\/p>\n<p>60.- Esvin Humberto R.F., de 26 a\u00f1os, Guatemala.<\/p>\n<p>61.- Josefina Fortuna de 61 a\u00f1os, Rep\u00fablica Dominicana.<\/p>\n<p>62.- Yuderki Fortuna de 13 a\u00f1os, Rep\u00fablica Dominicana.<\/p>\n<p>63.- Ana Josefina F.N., de 3 a\u00f1os, Rep\u00fablica Dominicana.<\/p>\n<p>64.- Lewis Jos\u00e9 E.I., de 28 a\u00f1os, Venezuela.<\/p>\n<p>65.-Reina Coromoto B.O., 26 a\u00f1os, Venezuela.<\/p>\n<p>66.- Liliana Coromoto R.G., 50 a\u00f1os, Venezuela.<\/p>\n<p>67.- Eyleen Yanezat M.C., 26 a\u00f1os, Venezuela.<\/p>\n<p>68.- Edgar Alexis R.M.,10 a\u00f1os, Venezuela.<\/p>\n<p>69.- Abraham Jesus A.T., 21 a\u00f1os, Venezuela.<\/p>\n<p>70.- Carmen Sofia P.A., 46 a\u00f1os, Venezuela.<\/p>\n<p>71.- Frank Andr\u00e9s A.P.,16 a\u00f1os, Venezuela.<\/p>\n<p>72.- Greiler Sildrey P.E., 23 a\u00f1os, Venezuela.<\/p>\n<p>73.- Layren Sophia P.E., 4 a\u00f1os, Venezuela.<\/p>\n<p>74.- Francisco Rafael A.R., 44 a\u00f1os, Venezuela.<\/p>\n<p>75.- Mileidis Yaneth G.M., 42 a\u00f1os, Venezuela.<\/p>\n<p>76.- Nino D.R., 39 a\u00f1os, Per\u00fa.<\/p>\n<p>77.- Mar\u00eda Cristina S.U., 28 a\u00f1os, Ecuador.<\/p>\n<p>78.- Justin Josue Q.S., 11 a\u00f1os, Ecuador.<\/p>\n<p>79.- Vanessa Anagerly B.Z., 24 a\u00f1os, Ecuador.<\/p>\n<p>80.- Daysi Dayana F.J.,\u00a0 27 a\u00f1os, Ecuador.<\/p>\n<p>81.- Anabel Estefania F.J., 34 a\u00f1os, Ecuador.<\/p>\n<p>82.- \u00c1ngel Iv\u00e1n N.L., 48 a\u00f1os, Ecuador.<\/p>\n<p>83.- Maiycol Alexandro B.C., 25 a\u00f1os, Ecuador.<\/p>\n<p>84.- Brayan Alexander G.C., 18 a\u00f1os, Ecuador.<\/p>\n<p>85.- William Jonny G.E., 35 a\u00f1os, Ecuador.<\/p>\n<p>86.- Kimberly Elizabeth G.D., 11 a\u00f1os, Salvador.<\/p>\n<p>87.- Alisson Vanessa G.D., 17 a\u00f1os, Salvador.<\/p>\n<p>88.- Miguel Andr\u00e9s P., 29 a\u00f1os, Honduras.<\/p>\n<p>89.- Melvin Iv\u00e1n A.S., 22 a\u00f1os, Honduras.<\/p>\n<p>90.- Jos\u00e9 El\u00edas C.A., 31 a\u00f1os, Honduras.<\/p>\n<p>91.- Katherin Yolibeth M.A., 30 a\u00f1os, Honduras.<\/p>\n<p>92.- Wilmer Javier D.C., 28 a\u00f1os, Honduras.<\/p>\n<p>93.- Zeyri Lizeth M.M., 24 a\u00f1os, Honduras.<\/p>\n<p>94.- Aliz Kaylani M.M., 09 meses, Honduras.<\/p>\n<p>95.- Franklin Dariel M.M., 26 a\u00f1os, Honduras.<\/p>\n<p>96.- Ender Daniel V., 30 a\u00f1os, Venezuela.<\/p>\n<p>97.- Miguel \u00c1ngel M.C., 37 a\u00f1os, Venezuela.<\/p>\n<p>98.- Yeiser Alberto M.R., 18 a\u00f1os, Venezuela.<\/p>\n<p>99.- Richard Antony M.O., 34 a\u00f1os, Venezuela.<\/p>\n<p>100.- Cesar Augusto T., 42 a\u00f1os, Colombia.<\/p>\n<p>101.- Brenan Lenin G.H., 29 a\u00f1os, Colombia.<\/p>\n<p>102.- Brimaryis Viviana F.B., 24 a\u00f1os, Colombia.<\/p>\n<p>103.- Jazm\u00edn Sucette C.A., 25 a\u00f1os, Guatemala.<\/p>\n<p>104.- Luis Emilio A.M., 31 a\u00f1os, Guatemala.<\/p>\n<p>105.- Wilson Alfredo A.O., 35 a\u00f1os, Guatemala.<\/p>\n<p>106.- Carlos Enrique R.M., 44 a\u00f1os, Guatemala.<\/p>\n<p>107.- Zoila Leydi S.G., 24 a\u00f1os, Cuba.<\/p>\n<p>108.- Anny Gonzalez P., 53 a\u00f1os, Cuba.<\/p>\n<ol start=\"109\">\n<li>Amircas Jos\u00e9 M.L., de 20 a\u00f1os, Venezuela.<\/li>\n<li>Vilimar Osdarlin M.P., de 26 a\u00f1os, Venezuela.<\/li>\n<li>Keiver Alexander M.H., de 27 a\u00f1os, Venezuela.<\/li>\n<li>Ocdimar V.L.A., de 30 a\u00f1os, Venezuela.<\/li>\n<li>Luciannys Josseimar R.L., de 6 a\u00f1os, Venezuela.<\/li>\n<li>Liem Alejandro R.L., de 5 a\u00f1os, Venezuela.<\/li>\n<li>Consuelo Yesenia R.R., de 39 a\u00f1os, Venezuela.<\/li>\n<li>Neomar Alexander R.A., de 17 a\u00f1os, Venezuela.<\/li>\n<li>Ambar Lissette L.B., de 19 a\u00f1os, Venezuela.<\/li>\n<li>Rolismar V., de 25 a\u00f1os, Venezuela.<\/li>\n<li>Douglimar Jaeline G.L., de 26 a\u00f1os, Venezuela.<\/li>\n<li>Antonella Dugleanyerli C.G., de 10 a\u00f1os, Venezuela.<\/li>\n<li>Disneyker Zamir C.G., de 7 a\u00f1os, Venezuela.<\/li>\n<li>Antoniel Jos\u00e9 G.L., de 5 a\u00f1os, Venezuela.<\/li>\n<li>Zulymar A.S., de 40 a\u00f1os, Venezuela.<\/li>\n<li>V\u00edctor G.B., de 38 a\u00f1os, Venezuela.<\/li>\n<li>Elvira S.\u00c1., de 14 a\u00f1os, Venezuela.<\/li>\n<li>Dami\u00e1n Jes\u00fas S.\u00c1., de 8 a\u00f1os, Venezuela.<\/li>\n<li>Miguel \u00c1ngel S.\u00c1., de 9 meses, Venezuela.<\/li>\n<li>Exer Jes\u00fas I.C., de 24 a\u00f1os, Venezuela.<\/li>\n<li>Ligny Sugey A., de 33 a\u00f1os, Venezuela.<\/li>\n<li>Mateo Isaac I.A., de 5 a\u00f1os, Venezuela.<\/li>\n<li>Yaliami Yohanna G.E., de 35 a\u00f1os, Venezuela.<\/li>\n<li>Wilber Jos\u00e9 G.G., de 16 a\u00f1os, Venezuela.<\/li>\n<li>Wilder David G.G., de 7 a\u00f1os, Venezuela.<\/li>\n<li>Karla Darelys P.B., de 28 a\u00f1os, Venezuela.<\/li>\n<li>Edwin Jos\u00e9 B., de 28 a\u00f1os, Venezuela.<\/li>\n<li>Horacio Nicol\u00e1s R.R., de 41 a\u00f1os, Venezuela.<\/li>\n<li>Kevin Matthews R.P., de 15 a\u00f1os, Venezuela.<\/li>\n<li>Rom\u00e1n James R.P., de 8 a\u00f1os, Venezuela.<\/li>\n<li>Luis Jos\u00e9 M.L., de 33 a\u00f1os, Venezuela.<\/li>\n<li>Karelys Orim\u00e1n W.G., de 30 a\u00f1os, Venezuela.<\/li>\n<li>Ver\u00f3nica Margarita M.W., de 13 a\u00f1os, Venezuela.<\/li>\n<li>Matius Cristhoper M.W., de 8 a\u00f1os, Venezuela.<\/li>\n<li>Georger Antonio B.V., de 23 a\u00f1os, Venezuela.<\/li>\n<li>Erickson Alberto M.C., de 22 a\u00f1os, Venezuela.<\/li>\n<li>Ricardo Daniel B.B., de 18 a\u00f1os, Venezuela.<\/li>\n<li>Javier Eduardo C.P., de 26 a\u00f1os, Venezuela.<\/li>\n<li>Rosa Mar\u00eda G.E., de 27 a\u00f1os, Venezuela.<\/li>\n<li>Luis Albelardo P.G., de 40 a\u00f1os, Venezuela.<\/li>\n<li>Osman Enr\u00edque D.Z., de 41 a\u00f1os, Venezuela.<\/li>\n<li>Ruberci \u00c1.D.S., de 41 a\u00f1os, Brasil.<\/li>\n<li>Joandriz A.D., de 39 a\u00f1os, Cuba.<\/li>\n<li>Yoreisi M.G., de 50 a\u00f1os, Cuba.<\/li>\n<li>Ra\u00fal Ernesto G.S., de 27 a\u00f1os, El Salvador.<\/li>\n<li>Yona Noem\u00ed C.R., de 27 a\u00f1os, El Salvador.<\/li>\n<li>H\u00e9ctor Alexis C.E., de 28 a\u00f1os, Honduras.<\/li>\n<li>Erasmo B.E., de 32 a\u00f1os, Honduras.<\/li>\n<li>Jhonny F. J.T., de 40 a\u00f1os, Honduras.<\/li>\n<li>Xavier Y.G., de 29 a\u00f1os, Ecuador.<\/li>\n<li>Alexandra Leonela E.C., de 39 a\u00f1os, Ecuador.<\/li>\n<li>Francisco Leonardo A.T., de 38 a\u00f1os, Ecuador.<\/li>\n<li>Miguel Alejandro H.B., de 19 a\u00f1os, Ecuador.<\/li>\n<li>Marvin Rigoberto \u00c1.O., de 41 a\u00f1os, Honduras.<\/li>\n<li>Carlos Roberto T.P., de 40 a\u00f1os, Ecuador.<\/li>\n<li>Vanessa Alexandra L.L., de 38 a\u00f1os, Ecuador.<\/li>\n<li>Carlos Josu\u00e9 T.L., de 13 a\u00f1os, Ecuador.<\/li>\n<li>Jes\u00fas Abraham T.L., de 9 a\u00f1os, Ecuador.<\/li>\n<li>Kimberli Juliet W.Q., de 25 a\u00f1os, Colombia.<\/li>\n<li>Brandon Alberto D.D., de 25 a\u00f1os, Colombia.<\/li>\n<li>Ang\u00e9lica Yineth W.Q., de 9 a\u00f1os, Colombia.<\/li>\n<li>Mil\u00e1n Samuel D., de 3 a\u00f1os, Colombia.<\/li>\n<li>\u00c1ngela Andrea M.C., de 32 a\u00f1os, Colombia.<\/li>\n<li>Jason David O.M., de 16 a\u00f1os, Colombia.<\/li>\n<li>Cristian Alexander O.M., de 14 a\u00f1os, Colombia.<\/li>\n<\/ol>\n<p>174.- Wilber T.R., de 47 a\u00f1os, Colombia.<\/p>\n","protected":false},"author":2,"featured_media":7673,"comment_status":"closed","ping_status":"closed","template":"","tags":[],"categoria_noticias":[],"class_list":["post-7711","noticias","type-noticias","status-publish","has-post-thumbnail","hentry"],"acf":[],"mb":[],"mfb_rest_fields":["title","gutenberg_elementor_mode"],"_links":{"self":[{"href":"https:\/\/portal.fgeo.gob.mx\/index.php\/wp-json\/wp\/v2\/noticias\/7711","targetHints":{"allow":["GET"]}}],"collection":[{"href":"https:\/\/portal.fgeo.gob.mx\/index.php\/wp-json\/wp\/v2\/noticias"}],"about":[{"href":"https:\/\/portal.fgeo.gob.mx\/index.php\/wp-json\/wp\/v2\/types\/noticias"}],"author":[{"embeddable":true,"href":"https:\/\/portal.fgeo.gob.mx\/index.php\/wp-json\/wp\/v2\/users\/2"}],"replies":[{"embeddable":true,"href":"https:\/\/portal.fgeo.gob.mx\/index.php\/wp-json\/wp\/v2\/comments?post=7711"}],"wp:featuredmedia":[{"embeddable":true,"href":"https:\/\/portal.fgeo.gob.mx\/index.php\/wp-json\/"}],"wp:attachment":[{"href":"https:\/\/portal.fgeo.gob.mx\/index.php\/wp-json\/wp\/v2\/media?parent=7711"}],"wp:term":[{"taxonomy":"post_tag","embeddable":true,"href":"https:\/\/portal.fgeo.gob.mx\/index.php\/wp-json\/wp\/v2\/tags?post=7711"},{"taxonomy":"categoria_noticias","embeddable":true,"href":"https:\/\/portal.fgeo.gob.mx\/index.php\/wp-json\/wp\/v2\/categoria_noticias?post=7711"}],"curies":[{"name":"wp","href":"https:\/\/api.w.org\/{rel}","templated":true}]}}