{"id":7661,"date":"2024-11-12T14:37:18","date_gmt":"2024-11-12T20:37:18","guid":{"rendered":"https:\/\/fge.oaxaca.gob.mx\/?post_type=noticias&amp;p=7661"},"modified":"2024-11-12T14:37:18","modified_gmt":"2024-11-12T20:37:18","slug":"boletin-1052-fgeo-obtiene-sentencia-de-32-anos-de-prision-contra-responsable-de-homicidio-ocurrido-en-la-ciudad-de-oaxaca","status":"publish","type":"noticias","link":"https:\/\/portal.fgeo.gob.mx\/index.php\/archivos\/noticias\/boletin-1052-fgeo-obtiene-sentencia-de-32-anos-de-prision-contra-responsable-de-homicidio-ocurrido-en-la-ciudad-de-oaxaca","title":{"rendered":"BOLET\u00cdN 1,052.- FGEO obtiene sentencia de 32 a\u00f1os de prisi\u00f3n contra responsable de homicidio ocurrido en la Ciudad de Oaxaca"},"content":{"rendered":"<p><strong>Oaxaca de Ju\u00e1rez, Oax., a 12 de noviembre de 2024.-<\/strong>\u00a0Derivado del trabajo de investigaci\u00f3n ministerial que realiza la Fiscal\u00eda General del Estado de Oaxaca (FGEO), se obtuvo una sentencia condenatoria de 32 a\u00f1os y seis meses de prisi\u00f3n contra una persona del sexo masculino identificada como Mois\u00e9s R.M. o Ra\u00fal S.R., por el delito de Homicidio Calificado ocurrido en calles aleda\u00f1as al Centro Hist\u00f3rico de la Ciudad de Oaxaca.<\/p>\n<p>De acuerdo con lo asentado en el expediente penal del caso, los hechos se suscitaron el 02 de abril de 2020, cuando la v\u00edctima identificada como Z.A.G., se encontraba al interior de un estacionamiento p\u00fablico ubicado en la calle Ignacio Zaragoza del Centro de la Ciudad de Oaxaca, lugar donde lleg\u00f3 el agresor y sin mediar palabra, lo atac\u00f3 con disparos de arma de fuego, infligiendo lesiones de gravedad en el cuerpo, perdiendo la vida m\u00e1s tarde cuando estaba internado en un hospital de la ciudad.<\/p>\n<p>La investigaci\u00f3n revela que despu\u00e9s del ataque, el imputado intent\u00f3 escapar, pero fue detenido por elementos de la Polic\u00eda Municipal de Oaxaca de Ju\u00e1rez, quienes le hallaron en ese momento un arma de fuego, objeto que fue integrado como parte de la investigaci\u00f3n ministerial.<\/p>\n<p>Derivado de los hechos, la FGEO atrajo el caso e inici\u00f3 las investigaciones pertinentes a trav\u00e9s de la Vicefiscal\u00eda Regional de Valles Centrales que logr\u00f3 llevar al imputado ante el Juez para su proceso legal.<\/p>\n<p>En audiencia y tras el desahogo de pruebas aportadas por la FGEO, el Juez que atiende la causa dict\u00f3 sentencia condenatoria de 32 a\u00f1os y seis meses de prisi\u00f3n en contra de Mois\u00e9s R.M. o Ra\u00fal S.R., por el delito de Homicidio Calificado, as\u00ed como el pago de m\u00e1s de 400 mil pesos por concepto de reparaci\u00f3n del da\u00f1o.<\/p>\n<p>La Fiscal\u00eda de Oaxaca tiene el compromiso de realizar trabajos ministeriales minuciosos y con estricto apego a la ley para que las v\u00edctimas directas e indirectas tengan pleno acceso a la justicia.<\/p>\n<p><img fetchpriority=\"high\" decoding=\"async\" class=\"alignnone size-medium wp-image-7662\" src=\"https:\/\/portal.fgeo.gob.mx\/wp-content\/uploads\/2024\/11\/Dise%C3%B1o-sin-t%C3%ADtulo-5-261x300.jpg\" alt=\"\" width=\"261\" height=\"300\" \/><\/p>\n<p>&nbsp;<\/p>\n","protected":false},"author":2,"featured_media":7504,"comment_status":"closed","ping_status":"closed","template":"","tags":[],"categoria_noticias":[],"class_list":["post-7661","noticias","type-noticias","status-publish","has-post-thumbnail","hentry"],"acf":[],"mb":[],"mfb_rest_fields":["title","gutenberg_elementor_mode"],"_links":{"self":[{"href":"https:\/\/portal.fgeo.gob.mx\/index.php\/wp-json\/wp\/v2\/noticias\/7661","targetHints":{"allow":["GET"]}}],"collection":[{"href":"https:\/\/portal.fgeo.gob.mx\/index.php\/wp-json\/wp\/v2\/noticias"}],"about":[{"href":"https:\/\/portal.fgeo.gob.mx\/index.php\/wp-json\/wp\/v2\/types\/noticias"}],"author":[{"embeddable":true,"href":"https:\/\/portal.fgeo.gob.mx\/index.php\/wp-json\/wp\/v2\/users\/2"}],"replies":[{"embeddable":true,"href":"https:\/\/portal.fgeo.gob.mx\/index.php\/wp-json\/wp\/v2\/comments?post=7661"}],"wp:featuredmedia":[{"embeddable":true,"href":"https:\/\/portal.fgeo.gob.mx\/index.php\/wp-json\/"}],"wp:attachment":[{"href":"https:\/\/portal.fgeo.gob.mx\/index.php\/wp-json\/wp\/v2\/media?parent=7661"}],"wp:term":[{"taxonomy":"post_tag","embeddable":true,"href":"https:\/\/portal.fgeo.gob.mx\/index.php\/wp-json\/wp\/v2\/tags?post=7661"},{"taxonomy":"categoria_noticias","embeddable":true,"href":"https:\/\/portal.fgeo.gob.mx\/index.php\/wp-json\/wp\/v2\/categoria_noticias?post=7661"}],"curies":[{"name":"wp","href":"https:\/\/api.w.org\/{rel}","templated":true}]}}