{"id":7626,"date":"2024-11-04T20:00:48","date_gmt":"2024-11-05T02:00:48","guid":{"rendered":"https:\/\/fge.oaxaca.gob.mx\/?post_type=noticias&amp;p=7626"},"modified":"2024-11-04T20:00:48","modified_gmt":"2024-11-05T02:00:48","slug":"boletin-1039-fgeo-fortalece-espiritu-de-trabajo-en-equipo-realizando-concurso-de-altares-el-dia-de-muertos","status":"publish","type":"noticias","link":"https:\/\/portal.fgeo.gob.mx\/index.php\/archivos\/noticias\/boletin-1039-fgeo-fortalece-espiritu-de-trabajo-en-equipo-realizando-concurso-de-altares-el-dia-de-muertos","title":{"rendered":"BOLET\u00cdN 1039.-FGEO fortalece esp\u00edritu de trabajo en equipo realizando concurso de altares el D\u00eda de Muertos"},"content":{"rendered":"<p><strong>Oaxaca de Ju\u00e1rez, Oax., a 04 de noviembre de 2024.- <\/strong>En el marco de la celebraci\u00f3n del \u201cD\u00eda de Muertos\u201d, fiesta tradicional que sincretiza diversos elementos culturales, la Fiscal\u00eda General del Estado de Oaxaca realiz\u00f3 un concurso de altares tradicionales como estrategia para promover la integraci\u00f3n del personal y fortalecer el esp\u00edritu de trabajo en equipo en las diversas \u00e1reas de la instituci\u00f3n.<\/p>\n<p>Al realizar el recorrido de evaluaci\u00f3n junto con el jurado calificador, el Fiscal Bernardo Rodr\u00edguez Alamilla reconoci\u00f3 el esfuerzo y la creatividad de cada una de las \u00e1reas participantes, pues pese a la fuerte carga de trabajo cotidiano se esmeraron en sus participaciones, adem\u00e1s que por medio de esta actividad se refuerza la identidad cultural, se preservan las tradiciones y se fortalece la unidad entre quienes integran la instituci\u00f3n.<\/p>\n\n<p>El jurado calificador evalu\u00f3 la autenticidad, as\u00ed como los elementos tradicionales y simb\u00f3licos, adem\u00e1s de la originalidad en los altares, y determin\u00f3 declarar un empate en el primer lugar entre la Agencia Estatal de Investigaciones, quienes honraron la memoria de elementos que fallecieron en el cumplimiento de su deber y la Vicefiscal\u00eda General de Atenci\u00f3n a V\u00edctimas y a la Sociedad que logr\u00f3 mostrar el sincretismos a trav\u00e9s de la representaci\u00f3n de los rituales alrededor de la instalaci\u00f3n de la ofrenda.<\/p>\n<p>Mientras que el segundo lugar fue para el Instituto de Servicios Periciales quienes resaltaron el contexto hist\u00f3rico de la celebraci\u00f3n lo que da como resultado una celebraci\u00f3n que integra el pasado prehisp\u00e1nico del pa\u00eds, mientras que\u00a0 el tercer lugar fue para la Fiscal\u00eda Especializada en Investigaci\u00f3n de Delitos de Trascendencia Social la cual conjunt\u00f3 elementos tradicionales de las diferentes regiones del estado como el Istmo y la Sierra Norte mostrando la diversidad de elementos culturales que rodean a esta celebraci\u00f3n.<\/p>\n<p>Adem\u00e1s, participaron las y los servidores p\u00fablicos pertenecientes a la Centro de Orientaci\u00f3n, Denuncia y Determinaci\u00f3n Inmediata, la Fiscal\u00eda Especializada en Delitos Electorales y la Direcci\u00f3n de Asuntos Jur\u00eddicos y la Oficina del Fiscal, quienes resaltaron la importancia de recordar a quienes ya no est\u00e1n con nosotros y preservar nuestras tradiciones para conservar nuestra identidad cultural.<\/p>\n<p><img fetchpriority=\"high\" decoding=\"async\" class=\"alignnone size-medium wp-image-7630\" src=\"https:\/\/portal.fgeo.gob.mx\/wp-content\/uploads\/2024\/11\/WhatsApp-Image-2024-11-04-at-19.02.45-1-300x200.jpeg\" alt=\"\" width=\"300\" height=\"200\" \/> <img decoding=\"async\" class=\"alignnone size-medium wp-image-7631\" src=\"https:\/\/portal.fgeo.gob.mx\/wp-content\/uploads\/2024\/11\/WhatsApp-Image-2024-11-04-at-19.02.45-300x200.jpeg\" alt=\"\" width=\"300\" height=\"200\" \/><\/p>\n<p>&nbsp;<\/p>\n","protected":false},"author":2,"featured_media":7504,"comment_status":"closed","ping_status":"closed","template":"","tags":[],"categoria_noticias":[],"class_list":["post-7626","noticias","type-noticias","status-publish","has-post-thumbnail","hentry"],"acf":[],"mb":[],"mfb_rest_fields":["title","gutenberg_elementor_mode"],"_links":{"self":[{"href":"https:\/\/portal.fgeo.gob.mx\/index.php\/wp-json\/wp\/v2\/noticias\/7626","targetHints":{"allow":["GET"]}}],"collection":[{"href":"https:\/\/portal.fgeo.gob.mx\/index.php\/wp-json\/wp\/v2\/noticias"}],"about":[{"href":"https:\/\/portal.fgeo.gob.mx\/index.php\/wp-json\/wp\/v2\/types\/noticias"}],"author":[{"embeddable":true,"href":"https:\/\/portal.fgeo.gob.mx\/index.php\/wp-json\/wp\/v2\/users\/2"}],"replies":[{"embeddable":true,"href":"https:\/\/portal.fgeo.gob.mx\/index.php\/wp-json\/wp\/v2\/comments?post=7626"}],"wp:featuredmedia":[{"embeddable":true,"href":"https:\/\/portal.fgeo.gob.mx\/index.php\/wp-json\/"}],"wp:attachment":[{"href":"https:\/\/portal.fgeo.gob.mx\/index.php\/wp-json\/wp\/v2\/media?parent=7626"}],"wp:term":[{"taxonomy":"post_tag","embeddable":true,"href":"https:\/\/portal.fgeo.gob.mx\/index.php\/wp-json\/wp\/v2\/tags?post=7626"},{"taxonomy":"categoria_noticias","embeddable":true,"href":"https:\/\/portal.fgeo.gob.mx\/index.php\/wp-json\/wp\/v2\/categoria_noticias?post=7626"}],"curies":[{"name":"wp","href":"https:\/\/api.w.org\/{rel}","templated":true}]}}