{"id":7537,"date":"2024-10-15T08:00:56","date_gmt":"2024-10-15T14:00:56","guid":{"rendered":"https:\/\/fge.oaxaca.gob.mx\/?post_type=noticias&amp;p=7537"},"modified":"2024-10-15T08:00:56","modified_gmt":"2024-10-15T14:00:56","slug":"boletin-1007-fgeo-obtiene-vinculacion-a-proceso-contra-cinco-personas-por-el-delito-de-ataques-a-las-vias-de-comunicacion-tras-retener-unidades-del-citybus-en-los-valles-centrales","status":"publish","type":"noticias","link":"https:\/\/portal.fgeo.gob.mx\/index.php\/archivos\/noticias\/boletin-1007-fgeo-obtiene-vinculacion-a-proceso-contra-cinco-personas-por-el-delito-de-ataques-a-las-vias-de-comunicacion-tras-retener-unidades-del-citybus-en-los-valles-centrales","title":{"rendered":"BOLET\u00cdN 1007.- FGEO obtiene vinculaci\u00f3n a proceso contra cinco personas por el delito de ataques a las v\u00edas de comunicaci\u00f3n tras retener unidades del Cityb\u00fas en los Valles Centrales"},"content":{"rendered":"<p><strong>Oaxaca de Ju\u00e1rez, Oax. 15 de octubre de 2024.-<\/strong> Como parte de las acciones de investigaci\u00f3n ministerial que realiza la Fiscal\u00eda General del Estado de Oaxaca (FGEO) se obtuvo auto de vinculaci\u00f3n a proceso y prisi\u00f3n preventiva contra cinco personas del sexo masculino, identificados como O.J.C.V., J.A.S.B., G.F.O.R., E.V.S.P. y R.L.J., por el delito de Ataques a las V\u00edas de Comunicaci\u00f3n, tras la retenci\u00f3n de unidades pertenecientes al sistema de transporte p\u00fablico denominado Cityb\u00fas, ocurrido en los Valles Centrales.<\/p>\n<p>De acuerdo con el expediente penal del caso, los hechos ocurrieron el pasado 26 de septiembre de 2024 en que Polic\u00edas Estatales de la Secretar\u00eda de Seguridad y Protecci\u00f3n Ciudadana (SSPC), recibieron un reporte del Centro de Control Comando y Comunicaci\u00f3n (C4) en el que informaban que un grupo de personas hab\u00eda retenido unidades de este sistema de transporte p\u00fablico en una de las paradas del Cityb\u00fas, localizada sobre la avenida S\u00edmbolos Patrios, al sur de la capital de Oaxaca.<\/p>\n<p>Una vez que la FGEO tom\u00f3 conocimiento del caso, despleg\u00f3 a un equipo t\u00e1ctico de la Agencia Estatal de Investigaciones (AEI) que lleg\u00f3 al lugar de los hechos y, en un operativo conjunto con elementos de la SSPC, se logr\u00f3 la detenci\u00f3n de cinco personas y al mismo tiempo la recuperaci\u00f3n de las unidades de motor que hab\u00edan sido retenidas para impedir que los pasajeros las abordaran.<\/p>\n<p>Una vez detenidas, las cinco personas fueron puestas a disposici\u00f3n de la autoridad ministerial perteneciente a la Vicefiscal\u00eda de los Valles Centrales, que realiz\u00f3 las investigaciones correspondientes.<\/p>\n<p>Tras valorar los datos de pruebas aportados por la FGEO, el Juez de Control dict\u00f3 vinculaci\u00f3n a proceso contra las cinco personas imputadas por el delito de ataques a las v\u00edas de comunicaci\u00f3n en agravio de la sociedad e impuso adem\u00e1s la medida cautelar de prisi\u00f3n preventiva justificada, otorgando un plazo de 15 d\u00edas para el cierre de la investigaci\u00f3n complementaria.<\/p>\n<p>La Fiscal\u00eda General de Oaxaca, refrenda su compromiso de seguir trabajando para combatir este tipo de delitos que da\u00f1an el tejido social y atentan contra el bienestar de la sociedad oaxaque\u00f1a.<\/p>\n","protected":false},"author":2,"featured_media":7504,"comment_status":"closed","ping_status":"closed","template":"","tags":[],"categoria_noticias":[],"class_list":["post-7537","noticias","type-noticias","status-publish","has-post-thumbnail","hentry"],"acf":[],"mb":[],"mfb_rest_fields":["title","gutenberg_elementor_mode"],"_links":{"self":[{"href":"https:\/\/portal.fgeo.gob.mx\/index.php\/wp-json\/wp\/v2\/noticias\/7537","targetHints":{"allow":["GET"]}}],"collection":[{"href":"https:\/\/portal.fgeo.gob.mx\/index.php\/wp-json\/wp\/v2\/noticias"}],"about":[{"href":"https:\/\/portal.fgeo.gob.mx\/index.php\/wp-json\/wp\/v2\/types\/noticias"}],"author":[{"embeddable":true,"href":"https:\/\/portal.fgeo.gob.mx\/index.php\/wp-json\/wp\/v2\/users\/2"}],"replies":[{"embeddable":true,"href":"https:\/\/portal.fgeo.gob.mx\/index.php\/wp-json\/wp\/v2\/comments?post=7537"}],"wp:featuredmedia":[{"embeddable":true,"href":"https:\/\/portal.fgeo.gob.mx\/index.php\/wp-json\/"}],"wp:attachment":[{"href":"https:\/\/portal.fgeo.gob.mx\/index.php\/wp-json\/wp\/v2\/media?parent=7537"}],"wp:term":[{"taxonomy":"post_tag","embeddable":true,"href":"https:\/\/portal.fgeo.gob.mx\/index.php\/wp-json\/wp\/v2\/tags?post=7537"},{"taxonomy":"categoria_noticias","embeddable":true,"href":"https:\/\/portal.fgeo.gob.mx\/index.php\/wp-json\/wp\/v2\/categoria_noticias?post=7537"}],"curies":[{"name":"wp","href":"https:\/\/api.w.org\/{rel}","templated":true}]}}