{"id":7482,"date":"2024-10-03T13:49:06","date_gmt":"2024-10-03T19:49:06","guid":{"rendered":"https:\/\/fge.oaxaca.gob.mx\/?post_type=noticias&amp;p=7482"},"modified":"2024-10-03T13:49:06","modified_gmt":"2024-10-03T19:49:06","slug":"boletin-990-fiscalia-de-oaxaca-ejecuta-orden-de-aprehension-y-detiene-a-una-persona-por-el-delito-de-violencia-familiar-cometido-en-los-valles-centrales","status":"publish","type":"noticias","link":"https:\/\/portal.fgeo.gob.mx\/index.php\/archivos\/noticias\/boletin-990-fiscalia-de-oaxaca-ejecuta-orden-de-aprehension-y-detiene-a-una-persona-por-el-delito-de-violencia-familiar-cometido-en-los-valles-centrales","title":{"rendered":"BOLET\u00cdN 990.- Fiscal\u00eda de Oaxaca ejecuta orden de aprehensi\u00f3n y detiene a una persona por el delito de violencia familiar, cometido en los Valles Centrales"},"content":{"rendered":"<p><strong>Oaxaca de Ju\u00e1rez, Oax. 03 de octubre de 2024.-<\/strong> Como parte de la estrategia de cero tolerancia a delitos contra la mujer por raz\u00f3n de g\u00e9nero, la Fiscal\u00eda General del Estado de Oaxaca (FGEO) ejecut\u00f3 una orden de aprehensi\u00f3n en contra de una persona del sexo masculino, identificada como C.E.M.M., por el delito de Violencia Familiar cometido en agravio de D.K.H.T., ocurrido en la regi\u00f3n de los Valles Centrales.<\/p>\n<p>De acuerdo con la denuncia penal del caso, la v\u00edctima -pareja del imputado- fue agredida verbal y f\u00edsicamente en diferentes ocasiones durante el mes de abril de 2024, en un domicilio ubicado en San Francisco Tutla, perteneciente al municipio de Santa Luc\u00eda del Camino.<\/p>\n<p>La investigaci\u00f3n revela que, en reiteradas ocasiones, la v\u00edctima sufri\u00f3 violencia durante el desarrollo de su relaci\u00f3n.<\/p>\n<p>Una vez que la FGEO atrajo el caso, realiz\u00f3 las indagatorias correspondientes a trav\u00e9s de la Fiscal\u00eda Especializada para la Atenci\u00f3n de Delitos contra la Mujer por Raz\u00f3n de G\u00e9nero, logrando aprehender a C.E.M.M., quien qued\u00f3 a disposici\u00f3n de la autoridad ministerial correspondiente para determinar su situaci\u00f3n jur\u00eddica.<\/p>\n<p>La Fiscal\u00eda de Oaxaca est\u00e1 comprometida con brindar investigaciones prontas, especialmente en materia del delito de violencia familiar, pues con esto busca garantizar a las v\u00edctimas procesos de procuraci\u00f3n de justicia eficientes.<\/p>\n<p><img fetchpriority=\"high\" decoding=\"async\" class=\"alignnone size-medium wp-image-7483\" src=\"https:\/\/portal.fgeo.gob.mx\/wp-content\/uploads\/2024\/10\/Dise%C3%B1o-sin-t%C3%ADtulo-1-225x300.jpg\" alt=\"\" width=\"225\" height=\"300\" \/><\/p>\n","protected":false},"author":2,"featured_media":7352,"comment_status":"closed","ping_status":"closed","template":"","tags":[],"categoria_noticias":[],"class_list":["post-7482","noticias","type-noticias","status-publish","has-post-thumbnail","hentry"],"acf":[],"mb":[],"mfb_rest_fields":["title","gutenberg_elementor_mode"],"_links":{"self":[{"href":"https:\/\/portal.fgeo.gob.mx\/index.php\/wp-json\/wp\/v2\/noticias\/7482","targetHints":{"allow":["GET"]}}],"collection":[{"href":"https:\/\/portal.fgeo.gob.mx\/index.php\/wp-json\/wp\/v2\/noticias"}],"about":[{"href":"https:\/\/portal.fgeo.gob.mx\/index.php\/wp-json\/wp\/v2\/types\/noticias"}],"author":[{"embeddable":true,"href":"https:\/\/portal.fgeo.gob.mx\/index.php\/wp-json\/wp\/v2\/users\/2"}],"replies":[{"embeddable":true,"href":"https:\/\/portal.fgeo.gob.mx\/index.php\/wp-json\/wp\/v2\/comments?post=7482"}],"wp:featuredmedia":[{"embeddable":true,"href":"https:\/\/portal.fgeo.gob.mx\/index.php\/wp-json\/"}],"wp:attachment":[{"href":"https:\/\/portal.fgeo.gob.mx\/index.php\/wp-json\/wp\/v2\/media?parent=7482"}],"wp:term":[{"taxonomy":"post_tag","embeddable":true,"href":"https:\/\/portal.fgeo.gob.mx\/index.php\/wp-json\/wp\/v2\/tags?post=7482"},{"taxonomy":"categoria_noticias","embeddable":true,"href":"https:\/\/portal.fgeo.gob.mx\/index.php\/wp-json\/wp\/v2\/categoria_noticias?post=7482"}],"curies":[{"name":"wp","href":"https:\/\/api.w.org\/{rel}","templated":true}]}}