{"id":7432,"date":"2024-09-23T09:39:59","date_gmt":"2024-09-23T15:39:59","guid":{"rendered":"https:\/\/fge.oaxaca.gob.mx\/?post_type=noticias&amp;p=7432"},"modified":"2024-09-23T09:39:59","modified_gmt":"2024-09-23T15:39:59","slug":"boletin-974-fiscalia-de-oaxaca-obtiene-sentencia-condenatoria-de-35-anos-por-el-delito-de-homicidio-hechos-ocurridos-en-la-region-canada","status":"publish","type":"noticias","link":"https:\/\/portal.fgeo.gob.mx\/index.php\/archivos\/noticias\/boletin-974-fiscalia-de-oaxaca-obtiene-sentencia-condenatoria-de-35-anos-por-el-delito-de-homicidio-hechos-ocurridos-en-la-region-canada","title":{"rendered":"BOLET\u00cdN 974.- Fiscal\u00eda de Oaxaca obtiene sentencia condenatoria de 35 a\u00f1os por el delito de homicidio; hechos ocurridos en la regi\u00f3n Ca\u00f1ada"},"content":{"rendered":"<p>&nbsp;<\/p>\n<p><strong>Oaxaca de Ju\u00e1rez, Oax. 23 de septiembre de 2024.-<\/strong> La Fiscal\u00eda General del Estado de Oaxaca (FGEO) obtuvo una sentencia condenatoria de 35 a\u00f1os de prisi\u00f3n en contra de una persona del sexo masculino identificada como S.M.P., responsable del delito de homicidio calificado con ventaja en agravio de R.A.B., hechos ocurridos en la regi\u00f3n Ca\u00f1ada.<\/p>\n<p>De acuerdo con la causa penal del caso, los hechos ocurrieron el 17 de diciembre de 2021, en la agencia de polic\u00eda el Retumbadero, jurisdicci\u00f3n de San Pedro Sochi\u00e1pam Cuicatl\u00e1n, lugar en donde la v\u00edctima fue atacada con un arma corto-contundente (machete), caus\u00e1ndole lesiones que le provocaron la muerte.<\/p>\n<p>Ante los hechos, la FGEO tom\u00f3 conocimiento del caso e inici\u00f3 los trabajos ministeriales correspondientes a trav\u00e9s de la Vicefiscal\u00eda General de Control Regional, logrando obtener y ejecutar una orden de aprehensi\u00f3n con lo cual fue posible presentar al imputado ante el Juez de la causa.<\/p>\n<p>Tras evaluar y analizar los datos de prueba aportados por la Fiscal\u00eda de Oaxaca, el Juez dict\u00f3 sentencia condenatoria de 35 a\u00f1os de prisi\u00f3n en contra de S.M.P., adem\u00e1s que impuso el pago de 448 mil 100 pesos por el concepto de pago de reparaci\u00f3n del da\u00f1o.<\/p>\n<p>La Fiscal\u00eda General de Oaxaca est\u00e1 comprometida con brindar atenci\u00f3n a los casos en delitos de alto impacto, para garantizar a las v\u00edctimas directas e indirectas un adecuado acceso a los procesos de procuraci\u00f3n de justicia.<\/p>\n<p><img fetchpriority=\"high\" decoding=\"async\" class=\"alignnone size-medium wp-image-7433\" src=\"https:\/\/portal.fgeo.gob.mx\/wp-content\/uploads\/2024\/09\/Dise%C3%B1o-sin-t%C3%ADtulo-7-225x300.jpg\" alt=\"\" width=\"225\" height=\"300\" \/><\/p>\n","protected":false},"author":2,"featured_media":7352,"comment_status":"closed","ping_status":"closed","template":"","tags":[],"categoria_noticias":[],"class_list":["post-7432","noticias","type-noticias","status-publish","has-post-thumbnail","hentry"],"acf":[],"mb":[],"mfb_rest_fields":["title","gutenberg_elementor_mode"],"_links":{"self":[{"href":"https:\/\/portal.fgeo.gob.mx\/index.php\/wp-json\/wp\/v2\/noticias\/7432","targetHints":{"allow":["GET"]}}],"collection":[{"href":"https:\/\/portal.fgeo.gob.mx\/index.php\/wp-json\/wp\/v2\/noticias"}],"about":[{"href":"https:\/\/portal.fgeo.gob.mx\/index.php\/wp-json\/wp\/v2\/types\/noticias"}],"author":[{"embeddable":true,"href":"https:\/\/portal.fgeo.gob.mx\/index.php\/wp-json\/wp\/v2\/users\/2"}],"replies":[{"embeddable":true,"href":"https:\/\/portal.fgeo.gob.mx\/index.php\/wp-json\/wp\/v2\/comments?post=7432"}],"wp:featuredmedia":[{"embeddable":true,"href":"https:\/\/portal.fgeo.gob.mx\/index.php\/wp-json\/"}],"wp:attachment":[{"href":"https:\/\/portal.fgeo.gob.mx\/index.php\/wp-json\/wp\/v2\/media?parent=7432"}],"wp:term":[{"taxonomy":"post_tag","embeddable":true,"href":"https:\/\/portal.fgeo.gob.mx\/index.php\/wp-json\/wp\/v2\/tags?post=7432"},{"taxonomy":"categoria_noticias","embeddable":true,"href":"https:\/\/portal.fgeo.gob.mx\/index.php\/wp-json\/wp\/v2\/categoria_noticias?post=7432"}],"curies":[{"name":"wp","href":"https:\/\/api.w.org\/{rel}","templated":true}]}}