{"id":7424,"date":"2024-09-20T12:49:34","date_gmt":"2024-09-20T18:49:34","guid":{"rendered":"https:\/\/fge.oaxaca.gob.mx\/?post_type=noticias&amp;p=7424"},"modified":"2024-09-20T12:49:34","modified_gmt":"2024-09-20T18:49:34","slug":"boletin-973-logra-fgeo-vinculacion-a-proceso-contra-imputado-por-el-delito-de-abuso-sexual-ocurrido-en-la-region-de-la-costa","status":"publish","type":"noticias","link":"https:\/\/portal.fgeo.gob.mx\/index.php\/archivos\/noticias\/boletin-973-logra-fgeo-vinculacion-a-proceso-contra-imputado-por-el-delito-de-abuso-sexual-ocurrido-en-la-region-de-la-costa","title":{"rendered":"BOLET\u00cdN 973.- Logra FGEO vinculaci\u00f3n a proceso contra imputado por el delito de abuso sexual, ocurrido en la regi\u00f3n de la Costa"},"content":{"rendered":"<p><strong>Oaxaca de Ju\u00e1rez, Oax. 20 de septiembre de 2024.-<\/strong> Como parte de la estrategia de combate a los delitos cometidos en contra de ni\u00f1as, ni\u00f1os, adolescentes y mujeres, la Fiscal\u00eda General del Estado de Oaxaca (FGEO) obtuvo auto de vinculaci\u00f3n a proceso y prisi\u00f3n preventiva en contra de una persona del sexo masculino identificado como A.P.C., por el delito de Abuso Sexual cometido en agravio de una menor de edad en la regi\u00f3n de la Costa.<\/p>\n<p>De acuerdo con la denuncia asentada en el expediente penal del caso, los hechos ocurrieron el 20 de agosto de 2024, cuando la v\u00edctima -una menor de 13 a\u00f1os de edad cuya identidad est\u00e1 reservada por ley- se encontraba en calles de Puerto Escondido en San Pedro Mixtepec, lugar donde una persona del sexo masculino la agredi\u00f3 sexualmente.<\/p>\n<p>Tras estos hechos y derivado de la denuncia interpuesta, la FGEO inici\u00f3 las investigaciones correspondientes a trav\u00e9s de la Vicefiscal\u00eda Regional de la Costa, las cuales permitieron obtener una orden de aprehensi\u00f3n contra el imputado para despu\u00e9s presentarlo ante la autoridad que lo requiri\u00f3.<\/p>\n<p>Gracias a los resultados del trabajo ministerial, el Juez tuvo los elementos jur\u00eddicos necesarios para dictar auto de vinculaci\u00f3n a proceso a A.P.C., por el delito de abuso sexual, otorgando un plazo de dos meses para el cierre de la investigaci\u00f3n complementaria.<\/p>\n<p>La Fiscal\u00eda de Oaxaca tiene entre sus ejes rectores garantizar una vida libre de violencia para ni\u00f1as, ni\u00f1os y adolescentes, a trav\u00e9s de los mecanismos de procuraci\u00f3n de justicia que est\u00e1n a cargo de \u00e1reas especializadas y bien capacitadas para este tipo de labores.<\/p>\n<figure id=\"attachment_7425\" aria-describedby=\"caption-attachment-7425\" style=\"width: 193px\" class=\"wp-caption alignnone\"><img fetchpriority=\"high\" decoding=\"async\" class=\"size-medium wp-image-7425\" src=\"https:\/\/portal.fgeo.gob.mx\/wp-content\/uploads\/2024\/09\/Dise%C3%B1o-sin-t%C3%ADtulo-6-193x300.jpg\" alt=\"\" width=\"193\" height=\"300\" \/><figcaption id=\"caption-attachment-7425\" class=\"wp-caption-text\">Dise\u00f1o sin t\u00edtulo &#8211; 1<\/figcaption><\/figure>\n<p>&nbsp;<\/p>\n<p>&nbsp;<\/p>\n","protected":false},"author":2,"featured_media":7352,"comment_status":"closed","ping_status":"closed","template":"","tags":[],"categoria_noticias":[],"class_list":["post-7424","noticias","type-noticias","status-publish","has-post-thumbnail","hentry"],"acf":[],"mb":[],"mfb_rest_fields":["title","gutenberg_elementor_mode"],"_links":{"self":[{"href":"https:\/\/portal.fgeo.gob.mx\/index.php\/wp-json\/wp\/v2\/noticias\/7424","targetHints":{"allow":["GET"]}}],"collection":[{"href":"https:\/\/portal.fgeo.gob.mx\/index.php\/wp-json\/wp\/v2\/noticias"}],"about":[{"href":"https:\/\/portal.fgeo.gob.mx\/index.php\/wp-json\/wp\/v2\/types\/noticias"}],"author":[{"embeddable":true,"href":"https:\/\/portal.fgeo.gob.mx\/index.php\/wp-json\/wp\/v2\/users\/2"}],"replies":[{"embeddable":true,"href":"https:\/\/portal.fgeo.gob.mx\/index.php\/wp-json\/wp\/v2\/comments?post=7424"}],"wp:featuredmedia":[{"embeddable":true,"href":"https:\/\/portal.fgeo.gob.mx\/index.php\/wp-json\/"}],"wp:attachment":[{"href":"https:\/\/portal.fgeo.gob.mx\/index.php\/wp-json\/wp\/v2\/media?parent=7424"}],"wp:term":[{"taxonomy":"post_tag","embeddable":true,"href":"https:\/\/portal.fgeo.gob.mx\/index.php\/wp-json\/wp\/v2\/tags?post=7424"},{"taxonomy":"categoria_noticias","embeddable":true,"href":"https:\/\/portal.fgeo.gob.mx\/index.php\/wp-json\/wp\/v2\/categoria_noticias?post=7424"}],"curies":[{"name":"wp","href":"https:\/\/api.w.org\/{rel}","templated":true}]}}