{"id":6823,"date":"2024-07-23T13:26:16","date_gmt":"2024-07-23T19:26:16","guid":{"rendered":"https:\/\/fge.oaxaca.gob.mx\/?post_type=noticias&amp;p=6823"},"modified":"2024-07-23T13:26:16","modified_gmt":"2024-07-23T19:26:16","slug":"boletin-861-fiscalia-de-oaxaca-ejecuta-orden-de-aprehension-por-el-delito-de-violencia-familiar-cometida-en-la-region-de-la-costa","status":"publish","type":"noticias","link":"https:\/\/portal.fgeo.gob.mx\/index.php\/archivos\/noticias\/boletin-861-fiscalia-de-oaxaca-ejecuta-orden-de-aprehension-por-el-delito-de-violencia-familiar-cometida-en-la-region-de-la-costa","title":{"rendered":"BOLET\u00cdN 861.- Fiscal\u00eda de Oaxaca ejecuta orden de aprehensi\u00f3n por el delito de violencia familiar cometida en la regi\u00f3n de la Costa"},"content":{"rendered":"<p>Oaxaca de Ju\u00e1rez, Oax. 23 de julio de 2024.- La Fiscal\u00eda General del Estado de Oaxaca (FGEO) dio cumplimiento a una orden de aprehensi\u00f3n en contra de una persona del sexo masculino identificada como I.C.P., por el delito de Violencia Familiar cometido en agravio de A.E.L., ocurrida en la regi\u00f3n de la Costa.<\/p>\n<p>De acuerdo con lo asentado en el expediente penal del caso, los hechos ocurrieron el 25 de marzo y 19 agosto de 2021, en el interior de un domicilio ubicado en la colonia Libertad de Santa Mar\u00eda Colotepec, cuando la v\u00edctima fue agredida de manera verbal y psicol\u00f3gica.<\/p>\n<p>Tras recibir la denuncia por los hechos, la FGEO -a trav\u00e9s de la Vicefiscal\u00eda Regional de la Costa- inici\u00f3 las investigaciones correspondientes, gracias a las cuales se obtuvo una orden de aprehensi\u00f3n contra I.C.P., logrando su detenci\u00f3n para ser presentado ante el juzgado correspondiente para determinar su situaci\u00f3n jur\u00eddica derivado de las pruebas aportadas por la FGEO.<\/p>\n<p>La Fiscal\u00eda General de Oaxaca refrenda su compromiso de trabajar de manera oportuna y efectiva para dar resultados inmediatos y no dejar en la impunidad los hechos que vulneren o atenten contra la seguridad y derechos de las v\u00edctimas.<\/p>\n<p><img fetchpriority=\"high\" decoding=\"async\" class=\"alignnone size-medium wp-image-6824\" src=\"https:\/\/portal.fgeo.gob.mx\/wp-content\/uploads\/2024\/07\/Dise%C3%B1o-sin-t%C3%ADtulo-3-224x300.jpg\" alt=\"\" width=\"224\" height=\"300\" \/><\/p>\n<p>&nbsp;<\/p>\n<p>&nbsp;<\/p>\n","protected":false},"author":2,"featured_media":6566,"comment_status":"closed","ping_status":"closed","template":"","tags":[],"categoria_noticias":[],"class_list":["post-6823","noticias","type-noticias","status-publish","has-post-thumbnail","hentry"],"acf":[],"mb":[],"mfb_rest_fields":["title","gutenberg_elementor_mode"],"_links":{"self":[{"href":"https:\/\/portal.fgeo.gob.mx\/index.php\/wp-json\/wp\/v2\/noticias\/6823","targetHints":{"allow":["GET"]}}],"collection":[{"href":"https:\/\/portal.fgeo.gob.mx\/index.php\/wp-json\/wp\/v2\/noticias"}],"about":[{"href":"https:\/\/portal.fgeo.gob.mx\/index.php\/wp-json\/wp\/v2\/types\/noticias"}],"author":[{"embeddable":true,"href":"https:\/\/portal.fgeo.gob.mx\/index.php\/wp-json\/wp\/v2\/users\/2"}],"replies":[{"embeddable":true,"href":"https:\/\/portal.fgeo.gob.mx\/index.php\/wp-json\/wp\/v2\/comments?post=6823"}],"wp:featuredmedia":[{"embeddable":true,"href":"https:\/\/portal.fgeo.gob.mx\/index.php\/wp-json\/wp\/v2\/media\/6566"}],"wp:attachment":[{"href":"https:\/\/portal.fgeo.gob.mx\/index.php\/wp-json\/wp\/v2\/media?parent=6823"}],"wp:term":[{"taxonomy":"post_tag","embeddable":true,"href":"https:\/\/portal.fgeo.gob.mx\/index.php\/wp-json\/wp\/v2\/tags?post=6823"},{"taxonomy":"categoria_noticias","embeddable":true,"href":"https:\/\/portal.fgeo.gob.mx\/index.php\/wp-json\/wp\/v2\/categoria_noticias?post=6823"}],"curies":[{"name":"wp","href":"https:\/\/api.w.org\/{rel}","templated":true}]}}