{"id":6662,"date":"2024-07-01T19:35:47","date_gmt":"2024-07-02T01:35:47","guid":{"rendered":"https:\/\/fge.oaxaca.gob.mx\/?post_type=noticias&amp;p=6662"},"modified":"2024-07-01T19:35:47","modified_gmt":"2024-07-02T01:35:47","slug":"boletin-821-fiscalia-de-oaxaca-logra-prision-preventiva-y-lleva-ante-juez-a-una-persona-por-robo-con-violencia-contra-negocio-de-la-colonia-reforma-en-la-capital-del-estado","status":"publish","type":"noticias","link":"https:\/\/portal.fgeo.gob.mx\/index.php\/archivos\/noticias\/boletin-821-fiscalia-de-oaxaca-logra-prision-preventiva-y-lleva-ante-juez-a-una-persona-por-robo-con-violencia-contra-negocio-de-la-colonia-reforma-en-la-capital-del-estado","title":{"rendered":"BOLET\u00cdN 821.- Fiscal\u00eda de Oaxaca logra prisi\u00f3n preventiva y lleva ante Juez a una persona por robo con violencia contra negocio de la Colonia Reforma, en la capital del estado"},"content":{"rendered":"<p>Oaxaca de Ju\u00e1rez, Oax., a 01 de julio de 2024.- La investigaci\u00f3n ministerial que realiza la Fiscal\u00eda General del Estado de Oaxaca (FGEO ) hizo posible obtener prisi\u00f3n preventiva justificada en contra de una persona del sexo masculino, identificada como R.A.G.R., por el delito de Robo Calificado con Violencia a las Personas cometido en contra de la trabajadora de un negocio localizado en la colonia Reforma, en Oaxaca de Ju\u00e1rez.<\/p>\n<p>Los hechos sucedieron este 27 de junio del 2024, cuando un par de personas ingres\u00f3 al negocio antes citado, ubicado en la calle Avenida Heroico Colegio Militar, Colonia Reforma, en donde sometieron a la trabajadora, para despu\u00e9s bajar la cortina y luego apoderarse de dinero en efectivo, as\u00ed como de diversos productos, en perjuicio patrimonial de J.C.C.G.<\/p>\n<p>Ante estos hechos, la Fiscal\u00eda de Oaxaca -a trav\u00e9s de la Unidad Especializada en Delitos Patrimoniales de la Vicefiscal\u00eda de Valles Centrales- inici\u00f3 las investigaciones correspondientes que dieron como resultado la obtenci\u00f3n y ejecuci\u00f3n de una orden de aprehensi\u00f3n en contra de R.A.G.R., quien fue puesto a disposici\u00f3n de la autoridad ministerial correspondiente.<\/p>\n<p>Tras valorar los datos de pruebas, el Juez de Control calific\u00f3 como legal la detenci\u00f3n del imputado, imponiendo prisi\u00f3n preventiva justificada, adem\u00e1s que se solicit\u00f3 la vinculaci\u00f3n a proceso.<\/p>\n<p>La Fiscal\u00eda de Oaxaca aplica t\u00e9cnicas de investigaci\u00f3n que hacen m\u00e1s efectivos los trabajos ministeriales y permiten una actuaci\u00f3n eficaz para dar con el paradero de los responsables por la comisi\u00f3n de delitos cometidos en agravio de los diferentes sectores de la sociedad.<\/p>\n<p>&nbsp;<\/p>\n","protected":false},"author":2,"featured_media":6566,"comment_status":"closed","ping_status":"closed","template":"","tags":[],"categoria_noticias":[],"class_list":["post-6662","noticias","type-noticias","status-publish","has-post-thumbnail","hentry"],"acf":[],"mb":[],"mfb_rest_fields":["title","gutenberg_elementor_mode"],"_links":{"self":[{"href":"https:\/\/portal.fgeo.gob.mx\/index.php\/wp-json\/wp\/v2\/noticias\/6662","targetHints":{"allow":["GET"]}}],"collection":[{"href":"https:\/\/portal.fgeo.gob.mx\/index.php\/wp-json\/wp\/v2\/noticias"}],"about":[{"href":"https:\/\/portal.fgeo.gob.mx\/index.php\/wp-json\/wp\/v2\/types\/noticias"}],"author":[{"embeddable":true,"href":"https:\/\/portal.fgeo.gob.mx\/index.php\/wp-json\/wp\/v2\/users\/2"}],"replies":[{"embeddable":true,"href":"https:\/\/portal.fgeo.gob.mx\/index.php\/wp-json\/wp\/v2\/comments?post=6662"}],"wp:featuredmedia":[{"embeddable":true,"href":"https:\/\/portal.fgeo.gob.mx\/index.php\/wp-json\/wp\/v2\/media\/6566"}],"wp:attachment":[{"href":"https:\/\/portal.fgeo.gob.mx\/index.php\/wp-json\/wp\/v2\/media?parent=6662"}],"wp:term":[{"taxonomy":"post_tag","embeddable":true,"href":"https:\/\/portal.fgeo.gob.mx\/index.php\/wp-json\/wp\/v2\/tags?post=6662"},{"taxonomy":"categoria_noticias","embeddable":true,"href":"https:\/\/portal.fgeo.gob.mx\/index.php\/wp-json\/wp\/v2\/categoria_noticias?post=6662"}],"curies":[{"name":"wp","href":"https:\/\/api.w.org\/{rel}","templated":true}]}}