{"id":6090,"date":"2024-04-24T15:29:59","date_gmt":"2024-04-24T21:29:59","guid":{"rendered":"https:\/\/fge.oaxaca.gob.mx\/?post_type=noticias&amp;p=6090"},"modified":"2024-04-24T15:29:59","modified_gmt":"2024-04-24T21:29:59","slug":"boletin-698-aprehende-fgeo-a-una-mujer-por-el-delito-de-trata-de-personas-en-su-modalidad-de-explotacion-sexual-hechos-ocurridos-en-agravio-de-una-adolescente-en-la-region-de-los-valles-centrales","status":"publish","type":"noticias","link":"https:\/\/portal.fgeo.gob.mx\/index.php\/archivos\/noticias\/boletin-698-aprehende-fgeo-a-una-mujer-por-el-delito-de-trata-de-personas-en-su-modalidad-de-explotacion-sexual-hechos-ocurridos-en-agravio-de-una-adolescente-en-la-region-de-los-valles-centrales","title":{"rendered":"BOLET\u00cdN 698.- Aprehende FGEO a una mujer por el delito de trata de personas en su modalidad de explotaci\u00f3n sexual, hechos ocurridos en agravio de una adolescente en la regi\u00f3n de los Valles Centrales"},"content":{"rendered":"<p>Oaxaca de Ju\u00e1rez, Oax., a 24 de abril de 2024.- El trabajo con perspectiva de g\u00e9nero, as\u00ed como de infancia y adolescencia que realiza la Fiscal\u00eda General del Estado de Oaxaca (FGEO), permiti\u00f3 la ejecuci\u00f3n de una orden de aprehensi\u00f3n contra una persona del sexo femenino identificada como I.S.S., por su probable responsabilidad en el delito de Trata de Personas en su Modalidad de Explotaci\u00f3n Sexual mediante la Prostituci\u00f3n Ajena Agravada, hechos ocurridos en la regi\u00f3n de los Valles Centrales.<\/p>\n<p>De acuerdo con el expediente penal del caso, la v\u00edctima una adolescente (hija de la persona detenida, cuya identidad est\u00e1 reservada por ley) que actualmente tiene 16 a\u00f1os de edad, la obligaron a ejercer actividades sexuales para obtener ganancias econ\u00f3micas, hechos que ocurrieron por primera ocasi\u00f3n en el a\u00f1o 2019, en la ciudad de Oaxaca y en distintas locaciones de municipios conurbados a la capital.<\/p>\n<p>El expediente penal precisa que, una de las modalidades que ocuparon para ofrecer los servicios sexuales que se configuran en este delito fue a trav\u00e9s de una aplicaci\u00f3n del tel\u00e9fono m\u00f3vil.<\/p>\n<p>Al tener conocimiento de estos hechos, la Fiscal\u00eda General del Estado de Oaxaca realiz\u00f3 las investigaciones correspondientes por medio de la Fiscal\u00eda Especializada en Delitos de Alto Impacto lo que permiti\u00f3 la detenci\u00f3n de I.S.S., gracias a la orden de aprehensi\u00f3n ejecutada por elementos de la Agencia Estatal de Investigaciones (AEI), quienes la pusieron a disposici\u00f3n de las autoridades correspondientes para determinar su situaci\u00f3n jur\u00eddica.<\/p>\n<p><img fetchpriority=\"high\" decoding=\"async\" class=\"alignnone size-medium wp-image-6091\" src=\"https:\/\/portal.fgeo.gob.mx\/wp-content\/uploads\/2024\/04\/Aprehende-FGEO-a-una-mujer-por-el-delito-de-trata-de-personas-en-su-modalidad-de-explotaci%C3%B3n-sexual-hechos-ocurridos-en-agravio-de-una-adolescente-en-la-regi%C3%B3n-de-los-Valles-Centrales-225x300.jpeg\" alt=\"\" width=\"225\" height=\"300\" \/><\/p>\n<p>La Fiscal\u00eda de Oaxaca prioriza los trabajos ministeriales en delitos de alto impacto como lo es la trata de personas, principalmente en casos contra ni\u00f1as, ni\u00f1os y adolescentes, para brindar una atenci\u00f3n integral a fin de que las v\u00edctimas tengan pleno acceso a la justicia.<\/p>\n<p>&nbsp;<\/p>\n","protected":false},"author":2,"featured_media":5938,"comment_status":"closed","ping_status":"closed","template":"","tags":[],"categoria_noticias":[],"class_list":["post-6090","noticias","type-noticias","status-publish","has-post-thumbnail","hentry"],"acf":[],"mb":[],"mfb_rest_fields":["title","gutenberg_elementor_mode"],"_links":{"self":[{"href":"https:\/\/portal.fgeo.gob.mx\/index.php\/wp-json\/wp\/v2\/noticias\/6090","targetHints":{"allow":["GET"]}}],"collection":[{"href":"https:\/\/portal.fgeo.gob.mx\/index.php\/wp-json\/wp\/v2\/noticias"}],"about":[{"href":"https:\/\/portal.fgeo.gob.mx\/index.php\/wp-json\/wp\/v2\/types\/noticias"}],"author":[{"embeddable":true,"href":"https:\/\/portal.fgeo.gob.mx\/index.php\/wp-json\/wp\/v2\/users\/2"}],"replies":[{"embeddable":true,"href":"https:\/\/portal.fgeo.gob.mx\/index.php\/wp-json\/wp\/v2\/comments?post=6090"}],"wp:featuredmedia":[{"embeddable":true,"href":"https:\/\/portal.fgeo.gob.mx\/index.php\/wp-json\/"}],"wp:attachment":[{"href":"https:\/\/portal.fgeo.gob.mx\/index.php\/wp-json\/wp\/v2\/media?parent=6090"}],"wp:term":[{"taxonomy":"post_tag","embeddable":true,"href":"https:\/\/portal.fgeo.gob.mx\/index.php\/wp-json\/wp\/v2\/tags?post=6090"},{"taxonomy":"categoria_noticias","embeddable":true,"href":"https:\/\/portal.fgeo.gob.mx\/index.php\/wp-json\/wp\/v2\/categoria_noticias?post=6090"}],"curies":[{"name":"wp","href":"https:\/\/api.w.org\/{rel}","templated":true}]}}