{"id":5966,"date":"2024-04-09T14:00:33","date_gmt":"2024-04-09T20:00:33","guid":{"rendered":"https:\/\/fge.oaxaca.gob.mx\/?post_type=noticias&amp;p=5966"},"modified":"2024-04-09T14:00:33","modified_gmt":"2024-04-09T20:00:33","slug":"boletin-674-fiscalia-de-oaxaca-obtiene-sentencia-de-20-anos-de-prision-contra-responsable-de-violacion-en-agravio-de-adolescente-ocurrida-en-la-sierra-sur","status":"publish","type":"noticias","link":"https:\/\/portal.fgeo.gob.mx\/index.php\/archivos\/noticias\/boletin-674-fiscalia-de-oaxaca-obtiene-sentencia-de-20-anos-de-prision-contra-responsable-de-violacion-en-agravio-de-adolescente-ocurrida-en-la-sierra-sur","title":{"rendered":"BOLET\u00cdN 674.- Fiscal\u00eda de Oaxaca obtiene sentencia de 20 a\u00f1os de prisi\u00f3n contra responsable de violaci\u00f3n en agravio de adolescente, ocurrida en la Sierra Sur"},"content":{"rendered":"<p>Oaxaca de Ju\u00e1rez, Oax., a 9 de abril de 2024.- El trabajo ministerial con perspectiva de g\u00e9nero e infancia y adolescencia que realiza la Fiscal\u00eda General del Estado de Oaxaca (FGEO), permiti\u00f3 la obtenci\u00f3n de una sentencia condenatoria de 20 a\u00f1os de prisi\u00f3n en contra de una persona del sexo masculino identificado como M.A.C., responsable del delito de Violaci\u00f3n Tumultuaria cometida en agravio de una adolescente, hechos ocurridos en la regi\u00f3n de la Sierra Sur.<\/p>\n<p>Conforme a lo establecido en el expediente penal del caso, la agresi\u00f3n sexual ocurri\u00f3 el 13 de enero de 2020, cuando la v\u00edctima (cuya identidad est\u00e1 reservada por ley) se encontraba en calles de la poblaci\u00f3n de Santa Cruz Xitla, del municipio de Miahuatl\u00e1n de Porfirio D\u00edaz, lugar en donde la intercept\u00f3 el imputado junto con otra persona para despu\u00e9s agredirla de manera sexual.<\/p>\n<p>Tras la denuncia de la v\u00edctima, la FGEO inici\u00f3 una exhaustiva investigaci\u00f3n a trav\u00e9s de la Vicefiscal\u00eda General de Control Regional, que le permiti\u00f3 aprender y presentar ante el Juez de la causa al imputado.<\/p>\n<p>Luego de valorar los datos de prueba presentados por la Fiscal\u00eda de Oaxaca, el Juez que atiende la causa dict\u00f3 sentencia condenatoria de 20 a\u00f1os de prisi\u00f3n en contra de M.A.C., por su responsabilidad en la comisi\u00f3n del delito de Violaci\u00f3n Tumultuaria, asimismo, impuso una multa econ\u00f3mica y el pago por reparaci\u00f3n de da\u00f1o.<\/p>\n<p>La Fiscal\u00eda General de Oaxaca reitera en los hechos, su compromiso de llevar ante la Justicia a todo aquel que vulnere los derechos y la integridad de ni\u00f1as, ni\u00f1os, adolescentes y mujeres.<\/p>\n<p><img fetchpriority=\"high\" decoding=\"async\" class=\"alignnone size-medium wp-image-5967\" src=\"https:\/\/portal.fgeo.gob.mx\/wp-content\/uploads\/2024\/04\/Fiscal%C3%ADa-de-Oaxaca-obtiene-sentencia-de-20-a%C3%B1os-de-prisi%C3%B3n-contra-responsable-de-violaci%C3%B3n-en-agravio-de-adolescente-ocurrida-en-la-Sierra-Sur-239x300.jpeg\" alt=\"\" width=\"239\" height=\"300\" \/><\/p>\n<p>&nbsp;<\/p>\n","protected":false},"author":2,"featured_media":5938,"comment_status":"closed","ping_status":"closed","template":"","tags":[],"categoria_noticias":[],"class_list":["post-5966","noticias","type-noticias","status-publish","has-post-thumbnail","hentry"],"acf":[],"mb":[],"mfb_rest_fields":["title","gutenberg_elementor_mode"],"_links":{"self":[{"href":"https:\/\/portal.fgeo.gob.mx\/index.php\/wp-json\/wp\/v2\/noticias\/5966","targetHints":{"allow":["GET"]}}],"collection":[{"href":"https:\/\/portal.fgeo.gob.mx\/index.php\/wp-json\/wp\/v2\/noticias"}],"about":[{"href":"https:\/\/portal.fgeo.gob.mx\/index.php\/wp-json\/wp\/v2\/types\/noticias"}],"author":[{"embeddable":true,"href":"https:\/\/portal.fgeo.gob.mx\/index.php\/wp-json\/wp\/v2\/users\/2"}],"replies":[{"embeddable":true,"href":"https:\/\/portal.fgeo.gob.mx\/index.php\/wp-json\/wp\/v2\/comments?post=5966"}],"wp:featuredmedia":[{"embeddable":true,"href":"https:\/\/portal.fgeo.gob.mx\/index.php\/wp-json\/"}],"wp:attachment":[{"href":"https:\/\/portal.fgeo.gob.mx\/index.php\/wp-json\/wp\/v2\/media?parent=5966"}],"wp:term":[{"taxonomy":"post_tag","embeddable":true,"href":"https:\/\/portal.fgeo.gob.mx\/index.php\/wp-json\/wp\/v2\/tags?post=5966"},{"taxonomy":"categoria_noticias","embeddable":true,"href":"https:\/\/portal.fgeo.gob.mx\/index.php\/wp-json\/wp\/v2\/categoria_noticias?post=5966"}],"curies":[{"name":"wp","href":"https:\/\/api.w.org\/{rel}","templated":true}]}}