{"id":5952,"date":"2024-04-04T13:02:58","date_gmt":"2024-04-04T19:02:58","guid":{"rendered":"https:\/\/fge.oaxaca.gob.mx\/?post_type=noticias&amp;p=5952"},"modified":"2024-04-04T13:02:58","modified_gmt":"2024-04-04T19:02:58","slug":"boletin-663-investiga-fgeo-accidente-en-el-istmo-en-el-que-perdieron-la-vida-personas-migrantes-originarias-de-camerun","status":"publish","type":"noticias","link":"https:\/\/portal.fgeo.gob.mx\/index.php\/archivos\/noticias\/boletin-663-investiga-fgeo-accidente-en-el-istmo-en-el-que-perdieron-la-vida-personas-migrantes-originarias-de-camerun","title":{"rendered":"BOLET\u00cdN 663.- Investiga FGEO accidente en el Istmo en el que perdieron la vida personas migrantes originarias de Camer\u00fan"},"content":{"rendered":"<p><b><span lang=\"ES-TRAD\">Investiga FGEO accidente en el Istmo en el que perdieron la vida personas migrantes originarias de Camer\u00fan<\/span><\/b><\/p>\n<p><strong>Oaxaca de Ju\u00e1rez, Oax., a 4 de abril de 2024.-<\/strong> La Fiscal\u00eda General del Estado de Oaxaca realiza labores periciales y de investigaci\u00f3n, luego de un accidente carretero de una camioneta que transportaba personas migrantes, el cual ocurri\u00f3 durante la madrugada de este 4 de abril en la carretera federal 190, en el tramo Jalapa del Marqu\u00e9s \u2013 Magdalena Tequisistl\u00e1n, en la regi\u00f3n del Istmo de Tehuantepec.<\/p>\n<p>Como saldo preliminar, la Fiscal\u00eda de Oaxaca confirma el fallecimiento de tres personas, entre ellas dos personas originarias de la Rep\u00fablica de Camer\u00fan -una mujer y un hombre- que fueron identificados gracias al hallazgo de sus documentos, adem\u00e1s de una tercera v\u00edctima, se trata de un hombre que hasta el momento permanece sin ser identificado.<\/p>\n<p>Por ello, a trav\u00e9s de la Vicefiscal\u00eda Regional del Istmo, se realiz\u00f3 el levantamiento de los cuerpos, mismos que ser\u00e1n sometidos a la necropsia de Ley y a los respectivos dict\u00e1menes periciales.<\/p>\n<p>La volcadura de la camioneta en la que se trasladaban varias personas, ocurri\u00f3 en el kil\u00f3metro 214 tramo Jalapa del Marqu\u00e9s \u2013 Magdalena Tequisistl\u00e1n de la carretera federal 190, por ello la FGEO inici\u00f3 la carpeta de investigaci\u00f3n por el delito de homicidio culposo en contra de quien o quienes resulten responsables, y los que resulten durante las indagatorias.<\/p>\n<p>La Fiscal\u00eda de Oaxaca realiza los estudios periciales y las investigaciones correspondientes que permitan esclarecer la mec\u00e1nica de los hechos del accidente, con el objetivo de brindar certeza cient\u00edfica de c\u00f3mo ocurri\u00f3 el percance para deslindar las responsabilidades contra quien o quienes resulten responsables.<\/p>\n<p>&nbsp;<\/p>\n","protected":false},"author":2,"featured_media":5938,"comment_status":"closed","ping_status":"closed","template":"","tags":[],"categoria_noticias":[],"class_list":["post-5952","noticias","type-noticias","status-publish","has-post-thumbnail","hentry"],"acf":[],"mb":[],"mfb_rest_fields":["title","gutenberg_elementor_mode"],"_links":{"self":[{"href":"https:\/\/portal.fgeo.gob.mx\/index.php\/wp-json\/wp\/v2\/noticias\/5952","targetHints":{"allow":["GET"]}}],"collection":[{"href":"https:\/\/portal.fgeo.gob.mx\/index.php\/wp-json\/wp\/v2\/noticias"}],"about":[{"href":"https:\/\/portal.fgeo.gob.mx\/index.php\/wp-json\/wp\/v2\/types\/noticias"}],"author":[{"embeddable":true,"href":"https:\/\/portal.fgeo.gob.mx\/index.php\/wp-json\/wp\/v2\/users\/2"}],"replies":[{"embeddable":true,"href":"https:\/\/portal.fgeo.gob.mx\/index.php\/wp-json\/wp\/v2\/comments?post=5952"}],"wp:featuredmedia":[{"embeddable":true,"href":"https:\/\/portal.fgeo.gob.mx\/index.php\/wp-json\/"}],"wp:attachment":[{"href":"https:\/\/portal.fgeo.gob.mx\/index.php\/wp-json\/wp\/v2\/media?parent=5952"}],"wp:term":[{"taxonomy":"post_tag","embeddable":true,"href":"https:\/\/portal.fgeo.gob.mx\/index.php\/wp-json\/wp\/v2\/tags?post=5952"},{"taxonomy":"categoria_noticias","embeddable":true,"href":"https:\/\/portal.fgeo.gob.mx\/index.php\/wp-json\/wp\/v2\/categoria_noticias?post=5952"}],"curies":[{"name":"wp","href":"https:\/\/api.w.org\/{rel}","templated":true}]}}