{"id":5644,"date":"2024-01-09T16:41:34","date_gmt":"2024-01-09T22:41:34","guid":{"rendered":"https:\/\/fge.oaxaca.gob.mx\/?post_type=noticias&amp;p=5644"},"modified":"2024-01-09T16:41:34","modified_gmt":"2024-01-09T22:41:34","slug":"gobernador-salomon-jara-entrega-equipo-tactico-a-la-aei-se-fortalece-reingenieria-de-la-fgeo-senala-fiscal-general-bernardo-rodriguez-alamilla","status":"publish","type":"noticias","link":"https:\/\/portal.fgeo.gob.mx\/index.php\/archivos\/noticias\/gobernador-salomon-jara-entrega-equipo-tactico-a-la-aei-se-fortalece-reingenieria-de-la-fgeo-senala-fiscal-general-bernardo-rodriguez-alamilla","title":{"rendered":"Gobernador Salom\u00f3n Jara entrega equipo t\u00e1ctico a la AEI; \u201cse fortalece reingenier\u00eda de la FGEO\u201d, se\u00f1ala Fiscal General, Bernardo Rodr\u00edguez Alamilla  \u00a0"},"content":{"rendered":"<p>&nbsp;<\/p>\n<p><strong>\u00a0<img decoding=\"async\" class=\"alignnone size-medium wp-image-5617\" src=\"https:\/\/portal.fgeo.gob.mx\/wp-content\/uploads\/2023\/12\/fiscalia-informa-1-300x150.jpeg\" alt=\"\" width=\"300\" height=\"150\" \/><\/strong><\/p>\n<p><strong>\u00a0<\/strong><\/p>\n<p><strong>Oaxaca de Ju\u00e1rez, Oax., a 09 de enero de 2024.- <\/strong>Durante la ceremonia de entrega de mobiliario y equipo t\u00e1ctico a elementos de la Agencia Estatal de Investigaciones, el Fiscal General del Estado de Oaxaca, Bernardo Rodr\u00edguez Alamilla, destac\u00f3 que, como parte del proceso de fortalecimiento de la instituci\u00f3n procuradora de justicia, es necesaria la dignificaci\u00f3n de las condiciones laborales, por lo que es prioritario dotar de mejor equipo e infraestructura a las y los polic\u00edas de investigaci\u00f3n.<\/p>\n<p>&nbsp;<\/p>\n<p><img fetchpriority=\"high\" decoding=\"async\" class=\"alignnone size-medium wp-image-5646\" src=\"https:\/\/portal.fgeo.gob.mx\/wp-content\/uploads\/2024\/01\/entrega-equipamiento-fiscal-gobernador-3-300x200.jpg\" alt=\"\" width=\"300\" height=\"200\" \/><\/p>\n<p>&nbsp;<\/p>\n<p>En compa\u00f1\u00eda del gobernador del estado, Salom\u00f3n Jara; as\u00ed como la secretaria Ejecutiva del Sistema Estatal de Seguridad P\u00fablica del Estado de Oaxaca, Karina Bar\u00f3n Ortiz; el secretario de Seguridad y Protecci\u00f3n Ciudadana, Iv\u00e1n Garc\u00eda \u00c1lvarez, el Fiscal de Oaxaca, Bernardo Rodr\u00edguez, puntualiz\u00f3 que por medio del proceso de reingenier\u00eda institucional y la colaboraci\u00f3n estrecha con otras instituciones se han logrado acciones como la entrega de equipo t\u00e1ctico a las y los agentes investigadores, cuyo objetivo principal es saldar la deuda hist\u00f3rica que existe en materia de redignificaci\u00f3n de las condiciones de trabajo.<\/p>\n<p>&nbsp;<\/p>\n<p>En el acto en el que tambi\u00e9n estuvieron presente el presidente de la Mesa Directiva de la 65\u00a0 Legislatura del Congreso de Oaxaca, Samuel Gurri\u00f3n; el Comandante de la 28\u00aa Zona Militar Jorge Alejandro Guti\u00e9rrez; el coordinador Estatal de la Guardia Nacional, Lucio Vergara G\u00f3mez y el coordinador General de la Agencia Estatal de Investigaciones, Jaciel V\u00e1squez Castro; Rodr\u00edguez Alamilla reconoci\u00f3 el apoyo brindado por la administraci\u00f3n del Gobernador Salom\u00f3n Jara que ha apoyado en la rehabilitaci\u00f3n de espacios en la Agencia Estatal de Investigaciones, adem\u00e1s de respaldar la autonom\u00eda operativa de la FGEO al aceptar la readscripci\u00f3n de casi 400 trabajadores de base.<\/p>\n<p>&nbsp;<\/p>\n<p><img decoding=\"async\" class=\"alignnone size-medium wp-image-5645\" src=\"https:\/\/portal.fgeo.gob.mx\/wp-content\/uploads\/2024\/01\/entrega-equipamiento-fiscal-gobernador-2-300x200.jpg\" alt=\"\" width=\"300\" height=\"200\" \/><\/p>\n<p>&nbsp;<\/p>\n<p>Agreg\u00f3 que el proceso de reingenier\u00eda y fortalecimiento institucional tiene resultados tangibles como un aumento del 15.5% en el n\u00famero de vinculaciones a proceso obtenidas, as\u00ed como un incremento del 19.6% de \u00f3rdenes de aprehensi\u00f3n concedidas y un crecimiento de 15.54% de \u00f3rdenes de aprehensi\u00f3n ejecutadas, solo por mencionar algunos avances, sin embargo, falta m\u00e1s por hacer, pero enfatiz\u00f3 que, dar mejores resultados es la consecuencia lograr mejores condiciones laborales para quienes en forma cotidiana arriesgan su vida en beneficio de la seguridad de todas y todos.<\/p>\n<p>&nbsp;<\/p>\n<p><img loading=\"lazy\" decoding=\"async\" class=\"alignnone size-medium wp-image-5647\" src=\"https:\/\/portal.fgeo.gob.mx\/wp-content\/uploads\/2024\/01\/entrega-equipamiento-fiscal-gobernador-6-300x200.jpg\" alt=\"\" width=\"300\" height=\"200\" \/><\/p>\n<p>&nbsp;<\/p>\n<p>Durante su intervenci\u00f3n, el Gobernador del Estado, Salom\u00f3n Jara puntualiz\u00f3 que existe una estrecha colaboraci\u00f3n interinstitucional para fortalecer los procesos de procuraci\u00f3n de justicia, por ello, se han invertido alrededor de cuatro millones 256 mil 258 pesos, cuyo prop\u00f3sito es coadyuvar en el fortalecimiento de la Fiscal\u00eda General de Oaxaca, pues existe un compromiso por brindar a la sociedad mejores procesos de justicia que permitan generar las condiciones para garantizar la seguridad a lo largo de la entidad.<\/p>\n<p>&nbsp;<\/p>\n<p>&nbsp;<\/p>\n<p>Por su parte, la titular del Secretariado Ejecutivo del Sistema Estatal de Seguridad P\u00fablica (SESESP), Karina Bar\u00f3n Ortiz, puntualiz\u00f3 que, en esta ocasi\u00f3n, entregaron 60 cascos bal\u00edsticos, 150 chalecos bal\u00edsticos, 500 l\u00e1mparas t\u00e1cticas y 501 mochilas t\u00e1cticas, pues la actual administraci\u00f3n est\u00e1 comprometida con estamos empe\u00f1ados en el fortalecimiento y dignificar a quienes realizan labores de seguridad que permita alcanzar la paz.<\/p>\n<p>&nbsp;<\/p>\n<p>&nbsp;<\/p>\n<p>&nbsp;<\/p>\n","protected":false},"author":2,"featured_media":5617,"comment_status":"closed","ping_status":"closed","template":"","tags":[],"categoria_noticias":[],"class_list":["post-5644","noticias","type-noticias","status-publish","has-post-thumbnail","hentry"],"acf":[],"mb":[],"mfb_rest_fields":["title","gutenberg_elementor_mode"],"_links":{"self":[{"href":"https:\/\/portal.fgeo.gob.mx\/index.php\/wp-json\/wp\/v2\/noticias\/5644","targetHints":{"allow":["GET"]}}],"collection":[{"href":"https:\/\/portal.fgeo.gob.mx\/index.php\/wp-json\/wp\/v2\/noticias"}],"about":[{"href":"https:\/\/portal.fgeo.gob.mx\/index.php\/wp-json\/wp\/v2\/types\/noticias"}],"author":[{"embeddable":true,"href":"https:\/\/portal.fgeo.gob.mx\/index.php\/wp-json\/wp\/v2\/users\/2"}],"replies":[{"embeddable":true,"href":"https:\/\/portal.fgeo.gob.mx\/index.php\/wp-json\/wp\/v2\/comments?post=5644"}],"wp:featuredmedia":[{"embeddable":true,"href":"https:\/\/portal.fgeo.gob.mx\/index.php\/wp-json\/wp\/v2\/media\/5617"}],"wp:attachment":[{"href":"https:\/\/portal.fgeo.gob.mx\/index.php\/wp-json\/wp\/v2\/media?parent=5644"}],"wp:term":[{"taxonomy":"post_tag","embeddable":true,"href":"https:\/\/portal.fgeo.gob.mx\/index.php\/wp-json\/wp\/v2\/tags?post=5644"},{"taxonomy":"categoria_noticias","embeddable":true,"href":"https:\/\/portal.fgeo.gob.mx\/index.php\/wp-json\/wp\/v2\/categoria_noticias?post=5644"}],"curies":[{"name":"wp","href":"https:\/\/api.w.org\/{rel}","templated":true}]}}