{"id":5581,"date":"2023-12-18T14:30:43","date_gmt":"2023-12-18T20:30:43","guid":{"rendered":"https:\/\/fge.oaxaca.gob.mx\/?post_type=noticias&amp;p=5581"},"modified":"2023-12-18T14:30:43","modified_gmt":"2023-12-18T20:30:43","slug":"actuacion-inmediata-permite-vincular-a-proceso-y-prision-contra-imputado-por-homicidio-en-la-costa-fiscalia-de-oaxaca","status":"publish","type":"noticias","link":"https:\/\/portal.fgeo.gob.mx\/index.php\/archivos\/noticias\/actuacion-inmediata-permite-vincular-a-proceso-y-prision-contra-imputado-por-homicidio-en-la-costa-fiscalia-de-oaxaca","title":{"rendered":"Actuaci\u00f3n inmediata, permite vincular a proceso y prisi\u00f3n contra imputado por homicidio en la Costa: Fiscal\u00eda de Oaxaca"},"content":{"rendered":"<p>&nbsp;<\/p>\n<p><strong><img decoding=\"async\" class=\"alignnone size-medium wp-image-5497\" src=\"https:\/\/portal.fgeo.gob.mx\/wp-content\/uploads\/2023\/12\/FGO-INFORMA-300x150.jpeg\" alt=\"\" width=\"300\" height=\"150\" \/><\/strong><\/p>\n<p><strong>\u00a0<\/strong><\/p>\n<p><strong>\u00a0<\/strong><\/p>\n<p><strong>Oaxaca de Ju\u00e1rez, Oax., a 18 de diciembre de 2023.- <\/strong>La intervenci\u00f3n inmediata y el trabajo ministerial expedito que realiza la Fiscal\u00eda General del Estado de Oaxaca (FGEO) permiti\u00f3 tener en prisi\u00f3n preventiva y vincular a proceso a una persona del sexo masculino identificada por las iniciales R. S. S., imputado por los delitos de Homicidio Calificado y Lesiones, cometidos en la regi\u00f3n de la Costa.<\/p>\n<p>&nbsp;<\/p>\n<p>De acuerdo con el expediente penal del caso, los hechos ocurrieron el 13 de diciembre de este a\u00f1o, cuando las v\u00edctimas se encontraban en la calle principal del barrio San Francisco, del municipio poblaci\u00f3n de San Juan Lachao, en el distrito de Juquila, hasta donde lleg\u00f3 su agresor quien los atac\u00f3 con un objeto corto-contundente (machete).<\/p>\n<p>&nbsp;<\/p>\n<p><img fetchpriority=\"high\" decoding=\"async\" class=\"alignnone size-medium wp-image-5582\" src=\"https:\/\/portal.fgeo.gob.mx\/wp-content\/uploads\/2023\/12\/BOLET%C3%8DN-520-Actuaci%C3%B3n-inmediata-permite-vincular-a-proceso-y-prisi%C3%B3n-contra-imputado-por-homicidio-en-la-Costa-Fiscal%C3%ADa-de-Oaxaca_page-0001-232x300.jpg\" alt=\"\" width=\"232\" height=\"300\" \/><\/p>\n<p>&nbsp;<\/p>\n<p>A consecuencia del ataque, una persona identificada como D. C. J., mientras que una segunda persona, de nombre S. S. C. result\u00f3 con lesiones, por lo que la FGEO tom\u00f3 conocimiento a trav\u00e9s de la Vicefiscal\u00eda Regional de la Cuenca que obtuvo la orden de aprehensi\u00f3n correspondiente gracias a la cual fue posible la detenci\u00f3n de R. S. S.<\/p>\n<p>&nbsp;<\/p>\n<p>Despu\u00e9s de recabar y presentar las pruebas ante el Juez, este dict\u00f3 auto de vinculaci\u00f3n a proceso en contra de R. S. S., a quien impuso la medida cautelar de prisi\u00f3n preventiva, adem\u00e1s que otorg\u00f3 tres meses para el cierre de investigaci\u00f3n complementaria.<\/p>\n<p>&nbsp;<\/p>\n<p>El empleo de protocolos y la aplicaci\u00f3n de t\u00e9cnicas cient\u00edficas en las investigaciones de cr\u00edmenes, permiten a la Fiscal\u00eda de Oaxaca tener certeza en los trabajos de procuraci\u00f3n de justicia en el estado.<\/p>\n","protected":false},"author":2,"featured_media":5461,"comment_status":"closed","ping_status":"closed","template":"","tags":[],"categoria_noticias":[],"class_list":["post-5581","noticias","type-noticias","status-publish","has-post-thumbnail","hentry"],"acf":[],"mb":[],"mfb_rest_fields":["title","gutenberg_elementor_mode"],"_links":{"self":[{"href":"https:\/\/portal.fgeo.gob.mx\/index.php\/wp-json\/wp\/v2\/noticias\/5581","targetHints":{"allow":["GET"]}}],"collection":[{"href":"https:\/\/portal.fgeo.gob.mx\/index.php\/wp-json\/wp\/v2\/noticias"}],"about":[{"href":"https:\/\/portal.fgeo.gob.mx\/index.php\/wp-json\/wp\/v2\/types\/noticias"}],"author":[{"embeddable":true,"href":"https:\/\/portal.fgeo.gob.mx\/index.php\/wp-json\/wp\/v2\/users\/2"}],"replies":[{"embeddable":true,"href":"https:\/\/portal.fgeo.gob.mx\/index.php\/wp-json\/wp\/v2\/comments?post=5581"}],"wp:featuredmedia":[{"embeddable":true,"href":"https:\/\/portal.fgeo.gob.mx\/index.php\/wp-json\/"}],"wp:attachment":[{"href":"https:\/\/portal.fgeo.gob.mx\/index.php\/wp-json\/wp\/v2\/media?parent=5581"}],"wp:term":[{"taxonomy":"post_tag","embeddable":true,"href":"https:\/\/portal.fgeo.gob.mx\/index.php\/wp-json\/wp\/v2\/tags?post=5581"},{"taxonomy":"categoria_noticias","embeddable":true,"href":"https:\/\/portal.fgeo.gob.mx\/index.php\/wp-json\/wp\/v2\/categoria_noticias?post=5581"}],"curies":[{"name":"wp","href":"https:\/\/api.w.org\/{rel}","templated":true}]}}