{"id":5514,"date":"2023-12-04T17:00:23","date_gmt":"2023-12-04T23:00:23","guid":{"rendered":"https:\/\/fge.oaxaca.gob.mx\/?post_type=noticias&amp;p=5514"},"modified":"2023-12-04T17:00:23","modified_gmt":"2023-12-04T23:00:23","slug":"boletin-502-firma-fgeo-cadh-y-justicia-accesible-convenio-para-favorecer-acceso-a-la-justicia-de-personas-con-discapacidad","status":"publish","type":"noticias","link":"https:\/\/portal.fgeo.gob.mx\/index.php\/archivos\/noticias\/boletin-502-firma-fgeo-cadh-y-justicia-accesible-convenio-para-favorecer-acceso-a-la-justicia-de-personas-con-discapacidad","title":{"rendered":"BOLET\u00cdN 502 &#8211; Firma FGEO, CADH y Justicia Accesible convenio para\u00a0\u00a0favorecer acceso a la justicia de personas con discapacidad"},"content":{"rendered":"<p><strong>Oaxaca de Ju\u00e1rez, Oax., a 4 de diciembre de 2023<\/strong>.- \u00a0Al participar en la firma del \u201cConvenio de Colaboraci\u00f3n Interinstitucional para el Acceso a la Justicia de las Personas con Discapacidad\u201d el Fiscal General del Estado, Bernardo Rodr\u00edguez Alamilla, sostuvo que desde el \u00f3rgano procurador de justicia asume el compromiso de hacer que los procesos de justicia sean accesibles para las personas con discapacidad, as\u00ed como generar un proceso de di\u00e1logo para con ellas y ellos, el cual permita hacer los ajustes razonables a los procesos.<\/p>\n<p>En el acto protocolario, estuvieron presentes la titular de la Coordinaci\u00f3n para la Atenci\u00f3n de los Derechos Humanos (CADH) del Poder Ejecutivo, Flor Estela Morales Hern\u00e1ndez; la directora General de Justicia Accesible A.C., Lii Yio P\u00e9rez Zarate y el director del programa de Accesibilidad de la misma organizaci\u00f3n, David Ram\u00edrez Jim\u00e9nez.<\/p>\n<p><img fetchpriority=\"high\" decoding=\"async\" class=\"alignnone size-medium wp-image-5515\" src=\"https:\/\/portal.fgeo.gob.mx\/wp-content\/uploads\/2023\/12\/4-diciembre-Firma-FGEO-CADH-y-Justicia-Accesible-convenio-para-favorecer-acceso-a-la-justicia-de-personas-con-discapacidad-4-300x200.jpg\" alt=\"\" width=\"300\" height=\"200\" \/><\/p>\n<p>En el marco del D\u00eda Internacional de las Personas con Discapacidad, que se conmemora cada 3 de diciembre, el Fiscal de Oaxaca apunt\u00f3 que si bien existe un andamiaje jur\u00eddico y normativo que reconoce los diferentes derechos de las personas con discapacidad, el gran reto es hacerlos justiciables.<\/p>\n<p>Lo anterior, dijo, requiere de acciones de pol\u00edtica p\u00fablica concreta que permita atender los diferentes rezagos en los que se encuentra este sector de la sociedad, pues, hist\u00f3ricamente ha sido discriminado lo que ha provocado que se encuentren en una situaci\u00f3n de marginaci\u00f3n estructural.<\/p>\n<p><img decoding=\"async\" class=\"alignnone size-medium wp-image-5516\" src=\"https:\/\/portal.fgeo.gob.mx\/wp-content\/uploads\/2023\/12\/4-diciembre-Firma-FGEO-CADH-y-Justicia-Accesible-convenio-para-favorecer-acceso-a-la-justicia-de-personas-con-discapacidad-2-300x200.jpg\" alt=\"\" width=\"300\" height=\"200\" \/><\/p>\n<p>Por ello, asumi\u00f3 el compromiso para que la Fiscal\u00eda General del Estado cuente con int\u00e9rpretes de lenguaje de se\u00f1as mexicanas, para hacer accesibles los procesos de procuraci\u00f3n de justicia, adem\u00e1s de que se priorizar\u00e1 abrir espacios de di\u00e1logo con las personas con discapacidad para que, puedan detectar en forma conjunta, los cambios que se requieren.<\/p>\n<p>Mientras que, en su intervenci\u00f3n, la titular de la Coordinaci\u00f3n de Atenci\u00f3n a Derechos Humanos, Flor Estela Morales Hern\u00e1ndez apunt\u00f3 que se impulsan medidas concretas y est\u00e1ndares, para que las personas puedan ejercer sus derechos, especialmente en materia de procuraci\u00f3n y administraci\u00f3n de justicia.<\/p>\n<p>Resalt\u00f3 que la firma de este convenio con la FGEO permitir\u00e1 impulsar acciones para favorecer que los espacios de primer contacto con las personas sean accesibles y la atenci\u00f3n tenga perspectiva de derechos humanos, as\u00ed como de discapacidad.<\/p>\n<p>Por su parte, la directora de General de Justicia Accesible A.C., Lii Yio P\u00e9rez Zarate reconoci\u00f3 que en temas de justicia hay muchas barreras para las personas con discapacidad que buscan acceder a procesos de procuraci\u00f3n de justicia, por ello, este tipo de acciones que impulsan la realizaci\u00f3n de cambios y visibilizan a este sector son un avance en el proceso de inclusi\u00f3n de las personas con discapacidad.<\/p>\n<p><img decoding=\"async\" class=\"alignnone size-medium wp-image-5517\" src=\"https:\/\/portal.fgeo.gob.mx\/wp-content\/uploads\/2023\/12\/4-diciembre-Firma-FGEO-CADH-y-Justicia-Accesible-convenio-para-favorecer-acceso-a-la-justicia-de-personas-con-discapacidad-3-300x200.jpg\" alt=\"\" width=\"300\" height=\"200\" \/><\/p>\n<p>Resalt\u00f3 que tener accesibilidad en el sistema de procuraci\u00f3n de justicia parte desde la posibilidad de contar con int\u00e9rpretes de la comunidad de personas sordas o espacios accesibles, adem\u00e1s de que la visibilizaci\u00f3n de las necesidades espec\u00edficas de las personas con discapacidad, permitir\u00e1 que se impulsen cambios no solo institucionales, sino normativos, los cuales son necesarios para hacer accesible la justicia.<\/p>\n<p>Finalmente, la Fiscal\u00eda General del Estado firm\u00f3 este convenio con la Coordinaci\u00f3n para la Atenci\u00f3n a los Derechos Humanos de Gobierno del Estado y la organizaci\u00f3n civil Justicia Accesible, el cual tiene objetivo de implementar capacitaciones, estrategias de seguimiento y acompa\u00f1amiento jur\u00eddico para el acceso a la justicia de las personas con discapacidad, garantizando que el personal de primer contacto cuente con perspectiva de discapacidad.<\/p>\n<p>&nbsp;<\/p>\n<p>&nbsp;<\/p>\n<p>&nbsp;<\/p>\n<p>&nbsp;<\/p>\n","protected":false},"author":2,"featured_media":5497,"comment_status":"closed","ping_status":"closed","template":"","tags":[],"categoria_noticias":[],"class_list":["post-5514","noticias","type-noticias","status-publish","has-post-thumbnail","hentry"],"acf":[],"mb":[],"mfb_rest_fields":["title","gutenberg_elementor_mode"],"_links":{"self":[{"href":"https:\/\/portal.fgeo.gob.mx\/index.php\/wp-json\/wp\/v2\/noticias\/5514","targetHints":{"allow":["GET"]}}],"collection":[{"href":"https:\/\/portal.fgeo.gob.mx\/index.php\/wp-json\/wp\/v2\/noticias"}],"about":[{"href":"https:\/\/portal.fgeo.gob.mx\/index.php\/wp-json\/wp\/v2\/types\/noticias"}],"author":[{"embeddable":true,"href":"https:\/\/portal.fgeo.gob.mx\/index.php\/wp-json\/wp\/v2\/users\/2"}],"replies":[{"embeddable":true,"href":"https:\/\/portal.fgeo.gob.mx\/index.php\/wp-json\/wp\/v2\/comments?post=5514"}],"wp:featuredmedia":[{"embeddable":true,"href":"https:\/\/portal.fgeo.gob.mx\/index.php\/wp-json\/"}],"wp:attachment":[{"href":"https:\/\/portal.fgeo.gob.mx\/index.php\/wp-json\/wp\/v2\/media?parent=5514"}],"wp:term":[{"taxonomy":"post_tag","embeddable":true,"href":"https:\/\/portal.fgeo.gob.mx\/index.php\/wp-json\/wp\/v2\/tags?post=5514"},{"taxonomy":"categoria_noticias","embeddable":true,"href":"https:\/\/portal.fgeo.gob.mx\/index.php\/wp-json\/wp\/v2\/categoria_noticias?post=5514"}],"curies":[{"name":"wp","href":"https:\/\/api.w.org\/{rel}","templated":true}]}}