{"id":5465,"date":"2023-11-27T09:23:55","date_gmt":"2023-11-27T15:23:55","guid":{"rendered":"https:\/\/fge.oaxaca.gob.mx\/?post_type=noticias&amp;p=5465"},"modified":"2023-11-27T09:23:55","modified_gmt":"2023-11-27T15:23:55","slug":"en-prision-y-vinculado-a-proceso-imputado-por-delito-de-violacion-tumultuaria-cometido-en-la-cuenca","status":"publish","type":"noticias","link":"https:\/\/portal.fgeo.gob.mx\/index.php\/archivos\/noticias\/en-prision-y-vinculado-a-proceso-imputado-por-delito-de-violacion-tumultuaria-cometido-en-la-cuenca","title":{"rendered":"En prisi\u00f3n y vinculado a proceso, imputado por delito de Violaci\u00f3n tumultuaria cometido en la Cuenca"},"content":{"rendered":"<p dir=\"ltr\" style=\"text-align: justify;\">\n<b>Oaxaca de Ju\u00e1rez, Oax., a 24 de noviembre de 2023.- <\/b>La Fiscal\u00eda General del Estado de Oaxaca (FGEO) ejecut\u00f3 una orden de aprehensi\u00f3n en contra de la persona del sexo masculino identificada como S. A. M., alias \u201cEl Mingo\u201d, por el delito de Violaci\u00f3n Tumultuaria Agravada, cometida en contra de un adolescente en la Cuenca del Papaloapan.<\/p>\n<p style=\"text-align: justify;\">\n<p dir=\"ltr\" style=\"text-align: justify;\">\nLos hechos ocurrieron el 11 de junio de 2017, cuando la v\u00edctima (un adolescente cuya identidad est\u00e1 reservada por ley) se daba un ba\u00f1o en un lugar conocido como Arroyo Venado, ubicado en San Felipe Jalapa de D\u00edaz.\n<\/p>\n<p style=\"text-align: justify;\">\n<p dir=\"ltr\" style=\"text-align: justify;\">\nEn el sitio antes citado, el adolescente fue atacado por personas que lo agredieron sexualmente, configur\u00e1ndose el delito de Violaci\u00f3n Tumultuaria Equiparada, por lo que se iniciaron las investigaciones al respecto.<\/p>\n<p style=\"text-align: justify;\">\n<p dir=\"ltr\" style=\"text-align: justify;\">\nLa FGEO intervino a trav\u00e9s de la Vicefiscal\u00eda Regional de la Cuenca que obtuvo una orden de aprehensi\u00f3n por este caso.<\/p>\n<p style=\"text-align: justify;\">\n<p dir=\"ltr\" style=\"text-align: justify;\">\nElementos de la Agencia Estatal de Investigaciones (AEI) localizaron al imputado y lo detuvieron en cumplimiento del mandato judicial, por lo que S. A. M., alias \u201cEl Mingo\u201d, fue llevado ante el Juez que atiende la causa quien dict\u00f3 auto de vinculaci\u00f3n a proceso, adem\u00e1s que impuso la medida cautelar de prisi\u00f3n preventiva y otorg\u00f3 dos meses para el cierre de la investigaci\u00f3n complementaria.\n<\/p>\n<p style=\"text-align: justify;\">\n<p dir=\"ltr\" style=\"text-align: justify;\">\nLa Fiscal\u00eda de Oaxaca pone especial atenci\u00f3n en la procuraci\u00f3n de justicia a favor de las v\u00edctimas de diferentes delitos, en especial cuando las v\u00edctimas son menores de edad, por lo que se brinda acompa\u00f1amiento integral en el proceso de procuraci\u00f3n de justicia.<\/p>\n","protected":false},"author":3,"featured_media":5461,"comment_status":"closed","ping_status":"closed","template":"","tags":[],"categoria_noticias":[],"class_list":["post-5465","noticias","type-noticias","status-publish","has-post-thumbnail","hentry"],"acf":[],"mb":[],"mfb_rest_fields":["title","gutenberg_elementor_mode"],"_links":{"self":[{"href":"https:\/\/portal.fgeo.gob.mx\/index.php\/wp-json\/wp\/v2\/noticias\/5465","targetHints":{"allow":["GET"]}}],"collection":[{"href":"https:\/\/portal.fgeo.gob.mx\/index.php\/wp-json\/wp\/v2\/noticias"}],"about":[{"href":"https:\/\/portal.fgeo.gob.mx\/index.php\/wp-json\/wp\/v2\/types\/noticias"}],"author":[{"embeddable":true,"href":"https:\/\/portal.fgeo.gob.mx\/index.php\/wp-json\/wp\/v2\/users\/3"}],"replies":[{"embeddable":true,"href":"https:\/\/portal.fgeo.gob.mx\/index.php\/wp-json\/wp\/v2\/comments?post=5465"}],"wp:featuredmedia":[{"embeddable":true,"href":"https:\/\/portal.fgeo.gob.mx\/index.php\/wp-json\/"}],"wp:attachment":[{"href":"https:\/\/portal.fgeo.gob.mx\/index.php\/wp-json\/wp\/v2\/media?parent=5465"}],"wp:term":[{"taxonomy":"post_tag","embeddable":true,"href":"https:\/\/portal.fgeo.gob.mx\/index.php\/wp-json\/wp\/v2\/tags?post=5465"},{"taxonomy":"categoria_noticias","embeddable":true,"href":"https:\/\/portal.fgeo.gob.mx\/index.php\/wp-json\/wp\/v2\/categoria_noticias?post=5465"}],"curies":[{"name":"wp","href":"https:\/\/api.w.org\/{rel}","templated":true}]}}