{"id":5457,"date":"2023-11-22T12:02:37","date_gmt":"2023-11-22T18:02:37","guid":{"rendered":"https:\/\/fge.oaxaca.gob.mx\/?post_type=noticias&amp;p=5457"},"modified":"2023-11-22T12:02:37","modified_gmt":"2023-11-22T18:02:37","slug":"en-el-marco-del-25n-fortalece-fiscalia-de-oaxaca-procesos-formativos-con-perspectiva-de-genero","status":"publish","type":"noticias","link":"https:\/\/portal.fgeo.gob.mx\/index.php\/archivos\/noticias\/en-el-marco-del-25n-fortalece-fiscalia-de-oaxaca-procesos-formativos-con-perspectiva-de-genero","title":{"rendered":"En el marco del 25N Fortalece Fiscal\u00eda de Oaxaca procesos formativos con perspectiva de g\u00e9nero"},"content":{"rendered":"<p dir=\"ltr\" style=\"text-align: justify;\">\n<b>Oaxaca de Ju\u00e1rez, Oax., a 21 de noviembre de 2023. &#8211; <\/b>Al inaugurar la jornada \u201cAcceso a la Justicia con Perspectiva de G\u00e9nero\u201d, el Fiscal General de Oaxaca, Bernardo Rodr\u00edguez Alamilla afirm\u00f3 que una de las prioridades institucionales es la procuraci\u00f3n de justicia hacia ni\u00f1as, adolescentes y mujeres con perspectiva de g\u00e9nero, por lo que se llevan a cabo acciones de profesionalizaci\u00f3n del personal.<\/p>\n<p style=\"text-align: justify;\">\n<p dir=\"ltr\" style=\"text-align: justify;\">\nLa inauguraci\u00f3n de la Jornada se realiz\u00f3 en el Centro de Educaci\u00f3n Continua Abierta y a Distancia de la Universidad Aut\u00f3noma Benito Ju\u00e1rez de Oaxaca, con la presencia de las diputadas Mar\u00eda Luisa Matus Fuentes, presidenta de la Comisi\u00f3n Permanente de Mujeres e Igualdad de G\u00e9nero y Lizbeth Arroyo Rodr\u00edguez, presidenta de la Comisi\u00f3n Permanente en Administraci\u00f3n y Procuraci\u00f3n de Justicia; as\u00ed como Yolanda Adelaida Santos Monta\u00f1o, subsecretaria de Prevenci\u00f3n de la Violencia de G\u00e9nero de la Secretar\u00eda de las Mujeres y la Fiscal Especializada para la Atenci\u00f3n a Delitos contra las Mujeres por Raz\u00f3n de G\u00e9nero, Margarita Guzm\u00e1n Corsi.<\/p>\n<p style=\"text-align: justify;\">\n<p dir=\"ltr\" style=\"text-align: justify;\">\nEl Fiscal de Oaxaca afirm\u00f3 que el 25 de Noviembre, fecha en que se conmemora el \u201cD\u00eda Internacional de la Eliminaci\u00f3n de la Violencia contra la Mujer\u201d, es una oportunidad para reflexionar sobre la deuda hist\u00f3rica y de discriminaci\u00f3n hacia este sector de la poblaci\u00f3n, as\u00ed como establecer estrategias y pol\u00edtica p\u00fablica para alcanzar una sociedad igualitaria.<\/p>\n<p style=\"text-align: justify;\">\n<p dir=\"ltr\" style=\"text-align: justify;\">\nA\u00f1adi\u00f3 que es necesario cuestionar los procesos que se desarrollan en la Fiscal\u00eda General del Estado, poner las acciones institucionales bajo la lupa y poner a las v\u00edctimas al centro de la toma de decisiones, para lo cual, dijo, en su administraci\u00f3n se impulsan acciones coordinadas con la sociedad civil, entre las cuales se encuentra la construcci\u00f3n del \u201cProtocolo Intercultural de Atenci\u00f3n Integral a la Violencia de G\u00e9nero contra las Mujeres en el \u00c1mbito Familiar\u201d, cuyo objetivo es brindar una atenci\u00f3n mucho m\u00e1s pronta a las mujeres, ni\u00f1as y adolescentes.<\/p>\n<p style=\"text-align: justify;\">\n<p dir=\"ltr\" style=\"text-align: justify;\">\nMientras que, actividades como esta jornada, en las que por medio de talleres y conferencias se capacita y sensibiliza al personal, fortalece tambi\u00e9n los conocimientos en materia de perspectiva de g\u00e9nero y atenci\u00f3n a las mujeres v\u00edctimas.<\/p>\n<p style=\"text-align: justify;\">\n<p dir=\"ltr\" style=\"text-align: justify;\">\nPor su parte, al intervenir, la subsecretaria de Prevenci\u00f3n de la Violencia de G\u00e9nero de la Secretar\u00eda de las Mujeres Yolanda Adelaida Santos Monta\u00f1o dijo que este tipo de actividades abren la oportunidad de fortalecer los conocimientos en materia de perspectiva de g\u00e9nero, herramienta que permitir\u00e1 a las y los servidores p\u00fablicos puedan aplicarla con mayor efectividad en sus actividades cotidianas.\n<\/p>\n<p style=\"text-align: justify;\">\n<p dir=\"ltr\" style=\"text-align: justify;\">\nMientras que la diputada Lizbeth Arroyo Rodr\u00edguez, presidenta de la Comisi\u00f3n Permanente en Administraci\u00f3n y Procuraci\u00f3n de Justicia se\u00f1al\u00f3 que la violencia contra las mujeres es un problema que requiere que se siga visibilizando, as\u00ed como acciones coordinadas entre diferentes autoridades para prevenir este fen\u00f3meno.\n<\/p>\n<p style=\"text-align: justify;\">\n<p dir=\"ltr\" style=\"text-align: justify;\">\nEn tanto que la legisladora Mar\u00eda Luisa Matus Fuente explic\u00f3 que atender la violencia contra las mujeres, ni\u00f1as y adolescentes requiere la realizaci\u00f3n de acciones preventivas y correctivas que hagan efectivo el marco jur\u00eddico existente para garantizar a las mujeres una vida libre de violencia.\n<\/p>\n<p style=\"text-align: justify;\">\n<p dir=\"ltr\" style=\"text-align: justify;\">\nEn su oportunidad, la Fiscal Especializada para la Atenci\u00f3n a Delitos contra las Mujeres por Raz\u00f3n de G\u00e9nero Margarita Guzm\u00e1n Corsi manifest\u00f3 que existe desde el \u00e1rea especializada un compromiso por brindar una atenci\u00f3n de calidad, por lo que se est\u00e1n promoviendo acciones de capacitaci\u00f3n que permitan brindar una atenci\u00f3n de eficaz y no revictimizante a las mujeres.\n<\/p>\n<p style=\"text-align: justify;\">\n<p dir=\"ltr\" style=\"text-align: justify;\">\nLa jornada \u201cAcceso a la Justicia con Perspectiva de G\u00e9nero\u201d arranc\u00f3 con el panel \u201cLa importancia de la Perspectiva de G\u00e9nero en la Procuraci\u00f3n de Justicia\u201d, actividad en la que participaron como moderadora Luz Gabriela Herrera Pacheco y como panelistas las especialistas Erika Lil\u00ed D\u00edaz Cruz, Yesica D\u00edaz Cruz y Charlynne Curiel, quienes explicaron que la perspectiva de g\u00e9nero en los procesos de procuraci\u00f3n de justicia permitir\u00e1 atender los casos de mujeres v\u00edctimas de violencia de g\u00e9nero de una forma m\u00e1s integral y con procesos menos revicitimizantes.\n<\/p>\n<p style=\"text-align: justify;\">\n<p dir=\"ltr\" style=\"text-align: justify;\">\nLas panelistas coincidieron en se\u00f1alar que la perspectiva de g\u00e9nero debe ser transversal en todas las acciones que se realicen dentro del proceso de procuraci\u00f3n de justicia, lo que permitir\u00e1 garantizar investigaciones lejos de estereotipos de g\u00e9nero que favorezcan la impunidad y la revictimizaci\u00f3n, pues es el mecanismo por medio del cual se garantizar\u00e1 que las mujeres, ni\u00f1as y adolescentes puedan acceder plenamente a la justicia.<\/p>\n","protected":false},"author":3,"featured_media":5461,"comment_status":"closed","ping_status":"closed","template":"","tags":[],"categoria_noticias":[],"class_list":["post-5457","noticias","type-noticias","status-publish","has-post-thumbnail","hentry"],"acf":[],"mb":[],"mfb_rest_fields":["title","gutenberg_elementor_mode"],"_links":{"self":[{"href":"https:\/\/portal.fgeo.gob.mx\/index.php\/wp-json\/wp\/v2\/noticias\/5457","targetHints":{"allow":["GET"]}}],"collection":[{"href":"https:\/\/portal.fgeo.gob.mx\/index.php\/wp-json\/wp\/v2\/noticias"}],"about":[{"href":"https:\/\/portal.fgeo.gob.mx\/index.php\/wp-json\/wp\/v2\/types\/noticias"}],"author":[{"embeddable":true,"href":"https:\/\/portal.fgeo.gob.mx\/index.php\/wp-json\/wp\/v2\/users\/3"}],"replies":[{"embeddable":true,"href":"https:\/\/portal.fgeo.gob.mx\/index.php\/wp-json\/wp\/v2\/comments?post=5457"}],"wp:featuredmedia":[{"embeddable":true,"href":"https:\/\/portal.fgeo.gob.mx\/index.php\/wp-json\/"}],"wp:attachment":[{"href":"https:\/\/portal.fgeo.gob.mx\/index.php\/wp-json\/wp\/v2\/media?parent=5457"}],"wp:term":[{"taxonomy":"post_tag","embeddable":true,"href":"https:\/\/portal.fgeo.gob.mx\/index.php\/wp-json\/wp\/v2\/tags?post=5457"},{"taxonomy":"categoria_noticias","embeddable":true,"href":"https:\/\/portal.fgeo.gob.mx\/index.php\/wp-json\/wp\/v2\/categoria_noticias?post=5457"}],"curies":[{"name":"wp","href":"https:\/\/api.w.org\/{rel}","templated":true}]}}