{"id":5418,"date":"2023-08-30T13:12:33","date_gmt":"2023-10-31T19:12:33","guid":{"rendered":"https:\/\/fge.oaxaca.gob.mx\/?post_type=noticias&amp;p=5418"},"modified":"2023-08-30T13:12:33","modified_gmt":"2023-10-31T19:12:33","slug":"en-prision-y-vinculado-a-proceso-imputado-por-abuso-sexual-cometido-en-agravio-de-una-nina-fiscalia-de-oaxaca","status":"publish","type":"noticias","link":"https:\/\/portal.fgeo.gob.mx\/index.php\/archivos\/noticias\/en-prision-y-vinculado-a-proceso-imputado-por-abuso-sexual-cometido-en-agravio-de-una-nina-fiscalia-de-oaxaca","title":{"rendered":"En prisi\u00f3n y vinculado a proceso, imputado por abuso sexual cometido en agravio de una ni\u00f1a: Fiscal\u00eda de Oaxaca"},"content":{"rendered":"<p dir=\"ltr\" style=\"text-align: justify;\">\n<b>Oaxaca de Ju\u00e1rez, Oax., a 30 de agosto de 2023. &#8211; <\/b>Como parte de las acciones de cero tolerancia a delitos cometidos contra ni\u00f1as, ni\u00f1os y adolescentes, la Fiscal\u00eda General del Estado de Oaxaca, obtuvo prisi\u00f3n preventiva y vinculaci\u00f3n a proceso contra un hombre identificado como R. C. G., por el delito de Abuso Sexual cometido en agravio de una ni\u00f1a, en hechos ocurridos en la regi\u00f3n de la Sierra de Flores Mag\u00f3n.<\/p>\n<p style=\"text-align: justify;\">\n<p dir=\"ltr\" style=\"text-align: justify;\">\nDe acuerdo con el expediente penal, el 14 de agosto de 2023, cuando la v\u00edctima (una ni\u00f1a de 8 a\u00f1os cuya identidad est\u00e1 reservada por ley), se encontraba en el centro del municipio de Santa Mar\u00eda Texcatitl\u00e1n, sufri\u00f3 una agresi\u00f3n sexual.\n<\/p>\n<p style=\"text-align: justify;\">\n<p dir=\"ltr\" style=\"text-align: justify;\">\nLa madre de la menor de edad acudi\u00f3 ante las autoridades para denunciar el hecho, por lo que la FGEO inici\u00f3 una investigaci\u00f3n a trav\u00e9s de la Vicefiscal\u00eda General de Control Regional que present\u00f3 las pruebas suficientes por las que se obtuvo una orden de aprehensi\u00f3n.\n<\/p>\n<p style=\"text-align: justify;\">\n<p dir=\"ltr\" style=\"text-align: justify;\">\nElementos de la Agencia Estatal de Investigaciones (AEI) dieron cumplimiento al mandato judicial y detuvieron a R. C. G., quien qued\u00f3 a disposici\u00f3n del Juez que atiende la causa, mismo que, al evaluar los datos de prueba dict\u00f3 auto de vinculaci\u00f3n a proceso en contra del imputado, imponiendo la medida cautelar de prisi\u00f3n preventiva, adem\u00e1s que otorg\u00f3 tres meses para el cierre de la investigaci\u00f3n complementaria.\n<\/p>\n<p style=\"text-align: justify;\">\n<p dir=\"ltr\" style=\"text-align: justify;\">\nLa investigaci\u00f3n de delitos sexuales cometidos contra ni\u00f1as, ni\u00f1os y adolescentes, son prioritarios en la agenda de trabajo de la Fiscal\u00eda de Oaxaca, con el objetivo de garantizar una vida libre violencia para este sector social.<\/p>\n","protected":false},"author":3,"featured_media":3175,"comment_status":"closed","ping_status":"closed","template":"","tags":[],"categoria_noticias":[],"class_list":["post-5418","noticias","type-noticias","status-publish","has-post-thumbnail","hentry"],"acf":[],"mb":[],"mfb_rest_fields":["title","gutenberg_elementor_mode"],"_links":{"self":[{"href":"https:\/\/portal.fgeo.gob.mx\/index.php\/wp-json\/wp\/v2\/noticias\/5418","targetHints":{"allow":["GET"]}}],"collection":[{"href":"https:\/\/portal.fgeo.gob.mx\/index.php\/wp-json\/wp\/v2\/noticias"}],"about":[{"href":"https:\/\/portal.fgeo.gob.mx\/index.php\/wp-json\/wp\/v2\/types\/noticias"}],"author":[{"embeddable":true,"href":"https:\/\/portal.fgeo.gob.mx\/index.php\/wp-json\/wp\/v2\/users\/3"}],"replies":[{"embeddable":true,"href":"https:\/\/portal.fgeo.gob.mx\/index.php\/wp-json\/wp\/v2\/comments?post=5418"}],"wp:featuredmedia":[{"embeddable":true,"href":"https:\/\/portal.fgeo.gob.mx\/index.php\/wp-json\/"}],"wp:attachment":[{"href":"https:\/\/portal.fgeo.gob.mx\/index.php\/wp-json\/wp\/v2\/media?parent=5418"}],"wp:term":[{"taxonomy":"post_tag","embeddable":true,"href":"https:\/\/portal.fgeo.gob.mx\/index.php\/wp-json\/wp\/v2\/tags?post=5418"},{"taxonomy":"categoria_noticias","embeddable":true,"href":"https:\/\/portal.fgeo.gob.mx\/index.php\/wp-json\/wp\/v2\/categoria_noticias?post=5418"}],"curies":[{"name":"wp","href":"https:\/\/api.w.org\/{rel}","templated":true}]}}