{"id":5363,"date":"2023-08-25T15:12:57","date_gmt":"2023-10-24T21:12:57","guid":{"rendered":"https:\/\/fge.oaxaca.gob.mx\/?post_type=noticias&amp;p=5363"},"modified":"2023-08-25T15:12:57","modified_gmt":"2023-10-24T21:12:57","slug":"fiscalia-de-oaxaca-obtiene-vinculacion-a-proceso-por-posesion-de-metanfetamina-delito-ocurrido-en-la-costa","status":"publish","type":"noticias","link":"https:\/\/portal.fgeo.gob.mx\/index.php\/archivos\/noticias\/fiscalia-de-oaxaca-obtiene-vinculacion-a-proceso-por-posesion-de-metanfetamina-delito-ocurrido-en-la-costa","title":{"rendered":"Fiscal\u00eda de Oaxaca obtiene vinculaci\u00f3n a proceso por posesi\u00f3n de metanfetamina, delito ocurrido en la Costa"},"content":{"rendered":"<p dir=\"ltr\" style=\"text-align: justify;\">\n<b>Oaxaca de Ju\u00e1rez, Oax., a 25 de agosto de 2023.-<\/b> La colaboraci\u00f3n interinstitucional con las \u00e1reas de seguridad de los diferentes niveles del gobierno en la entidad, permiti\u00f3 que la Fiscal\u00eda General del Estado de Oaxaca (FGEO) obtuviera auto de vinculaci\u00f3n a proceso en contra de una mujer identificada como A. A. L. B., por el delito Contra la Salud en Modalidad de Posesi\u00f3n Simple de Metanfetamina.<\/p>\n<p style=\"text-align: justify;\">\n<p dir=\"ltr\" style=\"text-align: justify;\">Los hechos sucedieron en calles del municipio de Santiago Pinotepa Nacional, en la regi\u00f3n de la Costa, donde una patrulla de la Polic\u00eda Municipal de esa poblaci\u00f3n realizaba recorridos de disuasi\u00f3n y vigilancia por las calles cuando se encontraron a una persona del sexo femenino a quien solicitaron permiso para efectuar una inspecci\u00f3n de rutina, petici\u00f3n a la que accedi\u00f3.\n<\/p>\n<p style=\"text-align: justify;\">\n<p dir=\"ltr\" style=\"text-align: justify;\">Elementos polic\u00edacos llevaron a cabo la revisi\u00f3n en la que encontraron diferentes dosis de sustancias similares a drogas como cristal y coca\u00edna, por lo que la mujer fue detenida y presentada ante el Ministerio P\u00fablico adscrito a la Vicefiscal\u00eda Regional de la Costa, que se hace cargo de las investigaciones alrededor del caso.<\/p>\n<p style=\"text-align: justify;\">\n<p dir=\"ltr\" style=\"text-align: justify;\">La FGEO present\u00f3 los resultados de las indagatorias ante el Juez que atiende la causa, quien despu\u00e9s de evaluarlas, dict\u00f3 auto de vinculaci\u00f3n a proceso en contra de A. A. L. B., a quien impusieron medidas cautelares y concedieron dos meses para el cierre de la investigaci\u00f3n.\n<\/p>\n<p style=\"text-align: justify;\">\n<p dir=\"ltr\" style=\"text-align: justify;\">\u00a0El combate a la venta y distribuci\u00f3n de drogas en su modalidad de narcomenudeo, forman parte de las labores de procuraci\u00f3n de justicia de la Fiscal\u00eda de Oaxaca, con el objetivo de garantizar la seguridad y la paz social.<\/p>\n","protected":false},"author":3,"featured_media":3175,"comment_status":"closed","ping_status":"closed","template":"","tags":[],"categoria_noticias":[],"class_list":["post-5363","noticias","type-noticias","status-publish","has-post-thumbnail","hentry"],"acf":[],"mb":[],"mfb_rest_fields":["title","gutenberg_elementor_mode"],"_links":{"self":[{"href":"https:\/\/portal.fgeo.gob.mx\/index.php\/wp-json\/wp\/v2\/noticias\/5363","targetHints":{"allow":["GET"]}}],"collection":[{"href":"https:\/\/portal.fgeo.gob.mx\/index.php\/wp-json\/wp\/v2\/noticias"}],"about":[{"href":"https:\/\/portal.fgeo.gob.mx\/index.php\/wp-json\/wp\/v2\/types\/noticias"}],"author":[{"embeddable":true,"href":"https:\/\/portal.fgeo.gob.mx\/index.php\/wp-json\/wp\/v2\/users\/3"}],"replies":[{"embeddable":true,"href":"https:\/\/portal.fgeo.gob.mx\/index.php\/wp-json\/wp\/v2\/comments?post=5363"}],"wp:featuredmedia":[{"embeddable":true,"href":"https:\/\/portal.fgeo.gob.mx\/index.php\/wp-json\/"}],"wp:attachment":[{"href":"https:\/\/portal.fgeo.gob.mx\/index.php\/wp-json\/wp\/v2\/media?parent=5363"}],"wp:term":[{"taxonomy":"post_tag","embeddable":true,"href":"https:\/\/portal.fgeo.gob.mx\/index.php\/wp-json\/wp\/v2\/tags?post=5363"},{"taxonomy":"categoria_noticias","embeddable":true,"href":"https:\/\/portal.fgeo.gob.mx\/index.php\/wp-json\/wp\/v2\/categoria_noticias?post=5363"}],"curies":[{"name":"wp","href":"https:\/\/api.w.org\/{rel}","templated":true}]}}