{"id":5273,"date":"2023-08-15T16:38:01","date_gmt":"2023-08-15T22:38:01","guid":{"rendered":"http:\/\/fge.oaxaca.gob.mx\/?post_type=noticias&amp;p=5273"},"modified":"2023-08-15T16:38:01","modified_gmt":"2023-08-15T22:38:01","slug":"fortalece-fgeo-conocimientos-y-capacidades-de-agentes-estatales-de-investigacion","status":"publish","type":"noticias","link":"https:\/\/portal.fgeo.gob.mx\/index.php\/archivos\/noticias\/fortalece-fgeo-conocimientos-y-capacidades-de-agentes-estatales-de-investigacion","title":{"rendered":"Fortalece FGEO conocimientos y capacidades de Agentes Estatales de Investigaci\u00f3n"},"content":{"rendered":"<p style=\"font-weight: 400; text-align: justify;\"><strong>Oaxaca de Ju\u00e1rez, Oax., a 15 de agosto de 2023.-<\/strong>\u00a0 Al clausurar el curso \u201cInvestigaci\u00f3n Criminal Aplicada al Sistema Penal Acusatorio, Acondicionamiento F\u00edsico y Tiro de Combate Policial\u201d, el Fiscal General Bernardo Rodr\u00edguez Alamilla puntualiz\u00f3 que el proceso de reingenier\u00eda institucional que realiza la Fiscal\u00eda General tiene como eje transversal fortalecer las capacidades del personal para que sea posible brindar mejores resultados a la ciudadan\u00eda.<\/p>\n<p style=\"font-weight: 400; text-align: justify;\">Acompa\u00f1ado en la mesa del pres\u00eddium por el coordinador de la Agencia Estatal de Investigaciones (AEI), Jaciel V\u00e1squez Castro; el director del Instituto de Formaci\u00f3n y Capacitaci\u00f3n Profesional de la Fiscal\u00eda General del Estado de Oaxaca (FGEO), Juan Pablo Morales Garc\u00eda; as\u00ed como los agentes de la AEI : Diana X\u00f3chitl Mendoza Reyna y Concepci\u00f3n Toledo Vasconcelos, reconoci\u00f3 el esfuerzo de los 33 elementos de la AEI que culminaron este primer periodo del curso, pues con su colaboraci\u00f3n se transforma a la instituci\u00f3n.<\/p>\n<p style=\"font-weight: 400; text-align: justify;\">Agreg\u00f3 que la actual administraci\u00f3n tiene un especial inter\u00e9s en brindar a las y los agentes estatales de investigaci\u00f3n herramientas pr\u00e1cticas que permitan fortalecer su trabajo en campo no solo para mejorar las actuaciones, sino como una medida clave que les d\u00e9 herramientas que favorezca su seguridad e integridad, pues la Agencia Estatal de Investigaciones es una de las columnas vertebrales que sostiene el trabajo de la Fiscal\u00eda General del Estado de Oaxaca.<\/p>\n<p style=\"font-weight: 400; text-align: justify;\">En su intervenci\u00f3n, el coordinador de la Agencia Estatal de Investigaciones Jaciel V\u00e1squez Castro se\u00f1al\u00f3 que este tipo de actividades les dan tambi\u00e9n herramientas que les permitan crecer en su carrera profesional, por lo que este tipo de procesos formativos tambi\u00e9n se traducen en mejores procesos de procuraci\u00f3n de justicia.<\/p>\n<p style=\"font-weight: 400; text-align: justify;\">Mientras que, en representaci\u00f3n de los 33 AEI, la agente Diana Xochitl Mendoza Reyna dijo que el curso fue una oportunidad de crecimiento para quienes participaron, adem\u00e1s ser un proceso diferente al no solo estar compuesto de aspectos te\u00f3ricos, sino tambi\u00e9n pr\u00e1cticos lo que les da una formaci\u00f3n m\u00e1s integral.<\/p>\n<p style=\"font-weight: 400; text-align: justify;\">Finalmente, la Fiscal\u00eda General del Estado est\u00e1 realizando un proceso de reingenier\u00eda basado en el fortalecimiento de las capacidades y en la actualizaci\u00f3n de las diferentes \u00e1reas que componen su estructura.<\/p>\n","protected":false},"author":1,"featured_media":3175,"comment_status":"closed","ping_status":"closed","template":"","tags":[],"categoria_noticias":[],"class_list":["post-5273","noticias","type-noticias","status-publish","has-post-thumbnail","hentry"],"acf":[],"mb":[],"mfb_rest_fields":["title","gutenberg_elementor_mode"],"_links":{"self":[{"href":"https:\/\/portal.fgeo.gob.mx\/index.php\/wp-json\/wp\/v2\/noticias\/5273","targetHints":{"allow":["GET"]}}],"collection":[{"href":"https:\/\/portal.fgeo.gob.mx\/index.php\/wp-json\/wp\/v2\/noticias"}],"about":[{"href":"https:\/\/portal.fgeo.gob.mx\/index.php\/wp-json\/wp\/v2\/types\/noticias"}],"author":[{"embeddable":true,"href":"https:\/\/portal.fgeo.gob.mx\/index.php\/wp-json\/wp\/v2\/users\/1"}],"replies":[{"embeddable":true,"href":"https:\/\/portal.fgeo.gob.mx\/index.php\/wp-json\/wp\/v2\/comments?post=5273"}],"wp:featuredmedia":[{"embeddable":true,"href":"https:\/\/portal.fgeo.gob.mx\/index.php\/wp-json\/"}],"wp:attachment":[{"href":"https:\/\/portal.fgeo.gob.mx\/index.php\/wp-json\/wp\/v2\/media?parent=5273"}],"wp:term":[{"taxonomy":"post_tag","embeddable":true,"href":"https:\/\/portal.fgeo.gob.mx\/index.php\/wp-json\/wp\/v2\/tags?post=5273"},{"taxonomy":"categoria_noticias","embeddable":true,"href":"https:\/\/portal.fgeo.gob.mx\/index.php\/wp-json\/wp\/v2\/categoria_noticias?post=5273"}],"curies":[{"name":"wp","href":"https:\/\/api.w.org\/{rel}","templated":true}]}}