{"id":5204,"date":"2023-07-23T12:23:20","date_gmt":"2023-07-23T18:23:20","guid":{"rendered":"http:\/\/fge.oaxaca.gob.mx\/?post_type=noticias&amp;p=5204"},"modified":"2023-07-23T12:23:20","modified_gmt":"2023-07-23T18:23:20","slug":"en-prision-y-vinculado-a-proceso-queda-imputado-por-homicidio-y-lesiones-ocurrido-por-agresion-armada-en-la-costa-fgeo","status":"publish","type":"noticias","link":"https:\/\/portal.fgeo.gob.mx\/index.php\/archivos\/noticias\/en-prision-y-vinculado-a-proceso-queda-imputado-por-homicidio-y-lesiones-ocurrido-por-agresion-armada-en-la-costa-fgeo","title":{"rendered":"En prisi\u00f3n y vinculado a proceso, queda imputado por homicidio y lesiones, ocurrido por agresi\u00f3n armada en la Costa: FGEO"},"content":{"rendered":"<p style=\"text-align: justify;\"><strong>Oaxaca de Ju\u00e1rez, Oax., a 23 de julio de 2023.-\u00a0<\/strong>Las labores para resolver delitos de alto impacto a trav\u00e9s de unidades especializadas de la Fiscal\u00eda General del Estado de Oaxaca (FGEO) dieron como resultado la obtenci\u00f3n de un auto de vinculaci\u00f3n a proceso en contra de una persona del sexo masculino identificada como V. S. O., por los delitos de homicidio calificado con ventaja y lesiones que ponen en peligro la vida, cometidos en la regi\u00f3n de la Costa.<\/p>\n<p style=\"text-align: justify;\">De acuerdo con la causa penal, el 10 de marzo de 2021, las v\u00edctimas (tres personas del sexo masculino) fueron localizadas sobre la carretera antigua que conduce a la localidad de Juan Diego, perteneciente al municipio de Santa Mar\u00eda Colotepec.<\/p>\n<p style=\"text-align: justify;\">Al lugar se trasladaron elementos de la Agencia Estatal de Investigaciones (AEI), quienes hallaron a una persona sin vida y otras dos lesionadas, v\u00edctimas identificadas como A.E.H.L., A.H.O. y J. V. H.<\/p>\n<p style=\"text-align: justify;\">Por estos hechos, la FGEO emprendi\u00f3 una investigaci\u00f3n que permiti\u00f3 obtener una orden de aprehensi\u00f3n que se ejecut\u00f3 en contra de\u00a0 V. S. O., quien fue detenido y presentado ante el Juez que atiende la causa, quien dict\u00f3 auto de vinculaci\u00f3n a proceso, adem\u00e1s que impuso la medida cautelar de prisi\u00f3n preventiva y otorg\u00f3 dos meses para el cierre de investigaci\u00f3n.<\/p>\n<p style=\"text-align: justify;\">Las t\u00e9cnicas de investigaci\u00f3n y los procesos cient\u00edficos en las labores de procuraci\u00f3n de justicia, permiten a la Fiscal\u00eda de Oaxaca dar resultados concretos y tangibles para reducir la incidencia delictiva en el estado.<\/p>\n","protected":false},"author":1,"featured_media":3175,"comment_status":"closed","ping_status":"closed","template":"","tags":[],"categoria_noticias":[],"class_list":["post-5204","noticias","type-noticias","status-publish","has-post-thumbnail","hentry"],"acf":[],"mb":[],"mfb_rest_fields":["title","gutenberg_elementor_mode"],"_links":{"self":[{"href":"https:\/\/portal.fgeo.gob.mx\/index.php\/wp-json\/wp\/v2\/noticias\/5204","targetHints":{"allow":["GET"]}}],"collection":[{"href":"https:\/\/portal.fgeo.gob.mx\/index.php\/wp-json\/wp\/v2\/noticias"}],"about":[{"href":"https:\/\/portal.fgeo.gob.mx\/index.php\/wp-json\/wp\/v2\/types\/noticias"}],"author":[{"embeddable":true,"href":"https:\/\/portal.fgeo.gob.mx\/index.php\/wp-json\/wp\/v2\/users\/1"}],"replies":[{"embeddable":true,"href":"https:\/\/portal.fgeo.gob.mx\/index.php\/wp-json\/wp\/v2\/comments?post=5204"}],"wp:featuredmedia":[{"embeddable":true,"href":"https:\/\/portal.fgeo.gob.mx\/index.php\/wp-json\/"}],"wp:attachment":[{"href":"https:\/\/portal.fgeo.gob.mx\/index.php\/wp-json\/wp\/v2\/media?parent=5204"}],"wp:term":[{"taxonomy":"post_tag","embeddable":true,"href":"https:\/\/portal.fgeo.gob.mx\/index.php\/wp-json\/wp\/v2\/tags?post=5204"},{"taxonomy":"categoria_noticias","embeddable":true,"href":"https:\/\/portal.fgeo.gob.mx\/index.php\/wp-json\/wp\/v2\/categoria_noticias?post=5204"}],"curies":[{"name":"wp","href":"https:\/\/api.w.org\/{rel}","templated":true}]}}