{"id":5053,"date":"2023-06-02T17:46:31","date_gmt":"2023-06-02T23:46:31","guid":{"rendered":"http:\/\/fge.oaxaca.gob.mx\/?post_type=noticias&amp;p=5053"},"modified":"2023-06-02T17:46:31","modified_gmt":"2023-06-02T23:46:31","slug":"localiza-fgeo-a-adolescente-reportada-como-no-localizada-y-la-traslada-de-veracruz-a-oaxaca","status":"publish","type":"noticias","link":"https:\/\/portal.fgeo.gob.mx\/index.php\/archivos\/noticias\/localiza-fgeo-a-adolescente-reportada-como-no-localizada-y-la-traslada-de-veracruz-a-oaxaca","title":{"rendered":"Localiza FGEO a adolescente reportada como No Localizada y la traslada de Veracruz a Oaxaca"},"content":{"rendered":"<p style=\"text-align: justify;\"><strong>Oaxaca de Ju\u00e1rez, Oax., a 2 de junio de 2023.-\u00a0<\/strong>Derivado de las investigaciones realizadas por la Fiscal\u00eda General del Estado de Oaxaca (FGEO), a trav\u00e9s de la Unidad de B\u00fasqueda de Personas no Localizadas (DNOL), la adolescente identificada con las iniciales M.I.S.M. de 15 a\u00f1os de edad, fue localizada en el estado de Veracruz y trasladada a la entidad oaxaque\u00f1a.<\/p>\n<p style=\"text-align: justify;\">\n<p style=\"text-align: justify;\">Con fecha 20 de mayo de 2023, familiares M.I.S.M., presentaron una denuncia por la desaparici\u00f3n de la adolescente, por lo que la FGEO, mediante la Vicefiscal\u00eda General de Atenci\u00f3n a V\u00edctimas y a la Sociedad\u00a0 activ\u00f3 los protocolos correspondientes para dar con su paradero.<\/p>\n<p style=\"text-align: justify;\">\n<p style=\"text-align: justify;\">Resultado de las investigaciones efectuadas, se estableci\u00f3 que la menor de edad se encontraba en Veracruz, por lo que personal de la Agencia Estatal de Investigaciones del grupo de b\u00fasqueda y localizaci\u00f3n de personas se trasladaron a dicho estado, logrando establecer la ubicaci\u00f3n exacta en la que se encontraba.<\/p>\n<p style=\"text-align: justify;\">\n<p style=\"text-align: justify;\">Derivado de lo anterior, los elementos del grupo de investigaci\u00f3n solicitaron la colaboraci\u00f3n del personal de la Fiscal\u00eda General del Estado de Veracruz, quienes apoyaron para el resguardo de la adolescente, con la finalidad de salvaguardar su integridad para posteriormente ser trasladada a esta ciudad de Oaxaca y ser reincorporada a su n\u00facleo familiar.<\/p>\n","protected":false},"author":1,"featured_media":3175,"comment_status":"closed","ping_status":"closed","template":"","tags":[],"categoria_noticias":[],"class_list":["post-5053","noticias","type-noticias","status-publish","has-post-thumbnail","hentry"],"acf":[],"mb":[],"mfb_rest_fields":["title","gutenberg_elementor_mode"],"_links":{"self":[{"href":"https:\/\/portal.fgeo.gob.mx\/index.php\/wp-json\/wp\/v2\/noticias\/5053","targetHints":{"allow":["GET"]}}],"collection":[{"href":"https:\/\/portal.fgeo.gob.mx\/index.php\/wp-json\/wp\/v2\/noticias"}],"about":[{"href":"https:\/\/portal.fgeo.gob.mx\/index.php\/wp-json\/wp\/v2\/types\/noticias"}],"author":[{"embeddable":true,"href":"https:\/\/portal.fgeo.gob.mx\/index.php\/wp-json\/wp\/v2\/users\/1"}],"replies":[{"embeddable":true,"href":"https:\/\/portal.fgeo.gob.mx\/index.php\/wp-json\/wp\/v2\/comments?post=5053"}],"wp:featuredmedia":[{"embeddable":true,"href":"https:\/\/portal.fgeo.gob.mx\/index.php\/wp-json\/"}],"wp:attachment":[{"href":"https:\/\/portal.fgeo.gob.mx\/index.php\/wp-json\/wp\/v2\/media?parent=5053"}],"wp:term":[{"taxonomy":"post_tag","embeddable":true,"href":"https:\/\/portal.fgeo.gob.mx\/index.php\/wp-json\/wp\/v2\/tags?post=5053"},{"taxonomy":"categoria_noticias","embeddable":true,"href":"https:\/\/portal.fgeo.gob.mx\/index.php\/wp-json\/wp\/v2\/categoria_noticias?post=5053"}],"curies":[{"name":"wp","href":"https:\/\/api.w.org\/{rel}","templated":true}]}}