{"id":4945,"date":"2023-04-14T11:25:53","date_gmt":"2023-04-14T17:25:53","guid":{"rendered":"http:\/\/fge.oaxaca.gob.mx\/?post_type=noticias&amp;p=4945"},"modified":"2023-04-14T11:25:53","modified_gmt":"2023-04-14T17:25:53","slug":"detiene-interpol-a-notario-publico-en-italia-fiscalia-de-oaxaca","status":"publish","type":"noticias","link":"https:\/\/portal.fgeo.gob.mx\/index.php\/archivos\/noticias\/detiene-interpol-a-notario-publico-en-italia-fiscalia-de-oaxaca","title":{"rendered":"Detiene Interpol a Notario P\u00fablico en Italia: Fiscal\u00eda de Oaxaca"},"content":{"rendered":"<p style=\"font-weight: 400; text-align: justify;\"><strong>Oaxaca de Ju\u00e1rez, Oax., a 14 de abril de 2023.- \u00a0<\/strong>En solicitud de colaboraci\u00f3n internacional para la b\u00fasqueda y localizaci\u00f3n del notario p\u00fablico J.A.M.G., realizada por la Fiscal\u00eda General del Estado de Oaxaca (FGEO), la Interpol realiz\u00f3 la aprehensi\u00f3n de dicha persona en Tur\u00edn, Italia.<\/p>\n<p style=\"font-weight: 400; text-align: justify;\">Lo anterior, derivado de las investigaciones efectuadas por la FGEO, que permitieron la obtenci\u00f3n de la orden de aprehensi\u00f3n por los delitos de falsificaci\u00f3n de documentos, ejercicio il\u00edcito del servicio p\u00fablico y violaci\u00f3n de otras garant\u00edas.<\/p>\n<p style=\"font-weight: 400; text-align: justify;\">Ante ello y a trav\u00e9s de las gestiones para la cooperaci\u00f3n internacional y de la Fiscal\u00eda General de la Rep\u00fablica (FGR), la Polic\u00eda Internacional emiti\u00f3 la ficha roja el pasado 3 de abril, bajo el n\u00famero de control A-2871\/4-2023, lo que result\u00f3 en la ubicaci\u00f3n del ex servidor p\u00fablico que estaba en Europa.<\/p>\n<p style=\"font-weight: 400; text-align: justify;\">Tras la notificaci\u00f3n de la captura, la Fiscal\u00eda General del Estado de Oaxaca solicit\u00f3 a la Direcci\u00f3n General de Asuntos Policiales Internacionales e Interpol, la colaboraci\u00f3n para que se lleven a cabo las acciones necesarias para la extradici\u00f3n de J.A.M.G., por los canales diplom\u00e1ticos conducentes.<\/p>\n<p style=\"font-weight: 400; text-align: justify;\">La FGEO reitera el compromiso de llevar a cabo las investigaciones y acciones necesarias para procurar justicia a favor de la sociedad\u00a0oaxaque\u00f1a.<\/p>\n","protected":false},"author":1,"featured_media":3175,"comment_status":"closed","ping_status":"closed","template":"","tags":[],"categoria_noticias":[],"class_list":["post-4945","noticias","type-noticias","status-publish","has-post-thumbnail","hentry"],"acf":[],"mb":[],"mfb_rest_fields":["title","gutenberg_elementor_mode"],"_links":{"self":[{"href":"https:\/\/portal.fgeo.gob.mx\/index.php\/wp-json\/wp\/v2\/noticias\/4945","targetHints":{"allow":["GET"]}}],"collection":[{"href":"https:\/\/portal.fgeo.gob.mx\/index.php\/wp-json\/wp\/v2\/noticias"}],"about":[{"href":"https:\/\/portal.fgeo.gob.mx\/index.php\/wp-json\/wp\/v2\/types\/noticias"}],"author":[{"embeddable":true,"href":"https:\/\/portal.fgeo.gob.mx\/index.php\/wp-json\/wp\/v2\/users\/1"}],"replies":[{"embeddable":true,"href":"https:\/\/portal.fgeo.gob.mx\/index.php\/wp-json\/wp\/v2\/comments?post=4945"}],"wp:featuredmedia":[{"embeddable":true,"href":"https:\/\/portal.fgeo.gob.mx\/index.php\/wp-json\/"}],"wp:attachment":[{"href":"https:\/\/portal.fgeo.gob.mx\/index.php\/wp-json\/wp\/v2\/media?parent=4945"}],"wp:term":[{"taxonomy":"post_tag","embeddable":true,"href":"https:\/\/portal.fgeo.gob.mx\/index.php\/wp-json\/wp\/v2\/tags?post=4945"},{"taxonomy":"categoria_noticias","embeddable":true,"href":"https:\/\/portal.fgeo.gob.mx\/index.php\/wp-json\/wp\/v2\/categoria_noticias?post=4945"}],"curies":[{"name":"wp","href":"https:\/\/api.w.org\/{rel}","templated":true}]}}