{"id":4909,"date":"2023-03-17T11:51:55","date_gmt":"2023-03-17T17:51:55","guid":{"rendered":"http:\/\/fge.oaxaca.gob.mx\/?post_type=noticias&amp;p=4909"},"modified":"2023-03-17T11:51:55","modified_gmt":"2023-03-17T17:51:55","slug":"investiga-fiscalia-de-oaxaca-homicidio-cometido-en-carretera-a-monte-alban-hay-dos-personas-presentadas","status":"publish","type":"noticias","link":"https:\/\/portal.fgeo.gob.mx\/index.php\/archivos\/noticias\/investiga-fiscalia-de-oaxaca-homicidio-cometido-en-carretera-a-monte-alban-hay-dos-personas-presentadas","title":{"rendered":"Investiga Fiscal\u00eda de Oaxaca homicidio cometido en carretera a Monte Alb\u00e1n; hay dos personas presentadas"},"content":{"rendered":"<p style=\"font-weight: 400; text-align: justify;\"><strong>Oaxaca de Ju\u00e1rez, Oax., a 17 de marzo de 2023.-\u00a0<\/strong>La Fiscal\u00eda General del Estado de Oaxaca (FGEO) inici\u00f3 una carpeta de investigaci\u00f3n por el delito de Homicidio Calificado cometido la ma\u00f1ana de este viernes, en contra de una persona del sexo masculino, en el municipio de Santa Mar\u00eda Atzompa.<\/p>\n<p style=\"font-weight: 400; text-align: justify;\">Luego de tener conocimiento del hecho, el Fiscal General del Estado, Bernardo Rodr\u00edguez Alamilla se traslad\u00f3 al lugar, en inmediaciones de la carretera nueva a Monte Alb\u00e1n, camino que conduce a San Pedro Ixtlahuaca, para supervisar las diligencias y coordinar las investigaciones que realizaron peritos y elementos de la Agencia Estatal de Investigaciones (AEI).<\/p>\n<p style=\"font-weight: 400; text-align: justify;\">En el sitio se localiz\u00f3 el cuerpo sin vida de una persona del sexo masculino identificada como A. R. E., quien presentaba lesiones producidas por arma de fuego, adem\u00e1s que se encontraron elementos bal\u00edsticos en la zona.<\/p>\n<p style=\"font-weight: 400; text-align: justify;\">Cabe destacar que un equipo multidisciplinario de la Fiscal\u00eda de Oaxaca trabaja en el lugar para realizar las primeras investigaciones e iniciar con las labores periciales que permitan recabar los indicios que conduzcan a la resoluci\u00f3n del caso.<\/p>\n<p style=\"font-weight: 400; text-align: justify;\">As\u00ed tambi\u00e9n, derivado de las indagatorias, dos personas fueron presentadas ante el ministerio p\u00fablico para ahondar en las indagatorias.<\/p>\n","protected":false},"author":1,"featured_media":3175,"comment_status":"closed","ping_status":"closed","template":"","tags":[],"categoria_noticias":[],"class_list":["post-4909","noticias","type-noticias","status-publish","has-post-thumbnail","hentry"],"acf":[],"mb":[],"mfb_rest_fields":["title","gutenberg_elementor_mode"],"_links":{"self":[{"href":"https:\/\/portal.fgeo.gob.mx\/index.php\/wp-json\/wp\/v2\/noticias\/4909","targetHints":{"allow":["GET"]}}],"collection":[{"href":"https:\/\/portal.fgeo.gob.mx\/index.php\/wp-json\/wp\/v2\/noticias"}],"about":[{"href":"https:\/\/portal.fgeo.gob.mx\/index.php\/wp-json\/wp\/v2\/types\/noticias"}],"author":[{"embeddable":true,"href":"https:\/\/portal.fgeo.gob.mx\/index.php\/wp-json\/wp\/v2\/users\/1"}],"replies":[{"embeddable":true,"href":"https:\/\/portal.fgeo.gob.mx\/index.php\/wp-json\/wp\/v2\/comments?post=4909"}],"wp:featuredmedia":[{"embeddable":true,"href":"https:\/\/portal.fgeo.gob.mx\/index.php\/wp-json\/"}],"wp:attachment":[{"href":"https:\/\/portal.fgeo.gob.mx\/index.php\/wp-json\/wp\/v2\/media?parent=4909"}],"wp:term":[{"taxonomy":"post_tag","embeddable":true,"href":"https:\/\/portal.fgeo.gob.mx\/index.php\/wp-json\/wp\/v2\/tags?post=4909"},{"taxonomy":"categoria_noticias","embeddable":true,"href":"https:\/\/portal.fgeo.gob.mx\/index.php\/wp-json\/wp\/v2\/categoria_noticias?post=4909"}],"curies":[{"name":"wp","href":"https:\/\/api.w.org\/{rel}","templated":true}]}}