{"id":4902,"date":"2023-03-14T16:05:47","date_gmt":"2023-03-14T22:05:47","guid":{"rendered":"http:\/\/fge.oaxaca.gob.mx\/?post_type=noticias&amp;p=4902"},"modified":"2023-03-14T16:05:47","modified_gmt":"2023-03-14T22:05:47","slug":"toma-protesta-fiscal-de-oaxaca-a-vicefiscal-de-atencion-a-victimas","status":"publish","type":"noticias","link":"https:\/\/portal.fgeo.gob.mx\/index.php\/archivos\/noticias\/toma-protesta-fiscal-de-oaxaca-a-vicefiscal-de-atencion-a-victimas","title":{"rendered":"Toma protesta Fiscal de Oaxaca, a Vicefiscal de Atenci\u00f3n a V\u00edctimas"},"content":{"rendered":"<p style=\"font-weight: 400; text-align: justify;\"><strong>Oaxaca de Ju\u00e1rez, Oax., a 14 de marzo de 2023.- \u00a0<\/strong>El Fiscal General del Estado de Oaxaca, Bernardo Rodr\u00edguez Alamilla, tom\u00f3 protesta a Michel Juli\u00e1n L\u00f3pez como Vicefiscal General de Atenci\u00f3n a V\u00edctimas y a la Sociedad.<\/p>\n<p style=\"font-weight: 400; text-align: justify;\">Durante el acto protocolario, el titular de la FGEO convoc\u00f3 a la licenciada en Derecho por la Universidad Aut\u00f3noma \u201cBenito Ju\u00e1rez\u201d de Oaxaca (UABJO), a brindar atenci\u00f3n con profesionalismo y perspectiva victimol\u00f3gica a las personas que solicitan los servicios de la instituci\u00f3n.<\/p>\n<p style=\"font-weight: 400; text-align: justify;\">Apunt\u00f3 que esta \u00e1rea es especialmente sensible, pues representa un espacio desde el cual se procura justicia y atenci\u00f3n de manera integral a v\u00edctimas de delitos como desaparici\u00f3n forzada, personas no localizadas, entre otros.<\/p>\n<p style=\"font-weight: 400; text-align: justify;\">Por su parte, la servidora p\u00fablica agradeci\u00f3 la confianza y se comprometi\u00f3 a realizar esta labor con apego a la ley y de acuerdo con los objetivos fijados por la actual administraci\u00f3n, adem\u00e1s que, se\u00f1al\u00f3, su formaci\u00f3n en \u00e1reas dedicadas a la defensa de los derechos humanos permitir\u00e1 tener una mirada con perspectiva victimol\u00f3gica en el desempe\u00f1o de sus labores.<\/p>\n<p style=\"font-weight: 400; text-align: justify;\">Michel Juli\u00e1n L\u00f3pez es abogada por la UABJO, adem\u00e1s de que ha tomado diplomados, seminarios y cursos en materia de derechos humanos como el de \u201cReparaci\u00f3n integral del da\u00f1o con perspectiva de g\u00e9nero\u201d, impartido por el grupo de acci\u00f3n por los Derechos Humanos y la Justicia Social; as\u00ed como un Diplomado Trata de personas, Pol\u00edtica P\u00fablica, G\u00e9nero y Derechos Humanos, impartido por el centro de Estudios Sociales y Culturales Antonio Montesinos, A.C.<\/p>\n<p style=\"font-weight: 400; text-align: justify;\">La Vicefiscal se ha desempe\u00f1ado como jefa de Departamento de la Comisi\u00f3n Ejecutiva de Atenci\u00f3n a V\u00edctimas, as\u00ed como Visitadora Adjunta en la Defensor\u00eda de los Derechos Humanos del Pueblo de Oaxaca, entre\u00a0otros\u00a0puestos de la administraci\u00f3n p\u00fablica.<\/p>\n","protected":false},"author":1,"featured_media":3175,"comment_status":"closed","ping_status":"closed","template":"","tags":[],"categoria_noticias":[],"class_list":["post-4902","noticias","type-noticias","status-publish","has-post-thumbnail","hentry"],"acf":[],"mb":[],"mfb_rest_fields":["title","gutenberg_elementor_mode"],"_links":{"self":[{"href":"https:\/\/portal.fgeo.gob.mx\/index.php\/wp-json\/wp\/v2\/noticias\/4902","targetHints":{"allow":["GET"]}}],"collection":[{"href":"https:\/\/portal.fgeo.gob.mx\/index.php\/wp-json\/wp\/v2\/noticias"}],"about":[{"href":"https:\/\/portal.fgeo.gob.mx\/index.php\/wp-json\/wp\/v2\/types\/noticias"}],"author":[{"embeddable":true,"href":"https:\/\/portal.fgeo.gob.mx\/index.php\/wp-json\/wp\/v2\/users\/1"}],"replies":[{"embeddable":true,"href":"https:\/\/portal.fgeo.gob.mx\/index.php\/wp-json\/wp\/v2\/comments?post=4902"}],"wp:featuredmedia":[{"embeddable":true,"href":"https:\/\/portal.fgeo.gob.mx\/index.php\/wp-json\/"}],"wp:attachment":[{"href":"https:\/\/portal.fgeo.gob.mx\/index.php\/wp-json\/wp\/v2\/media?parent=4902"}],"wp:term":[{"taxonomy":"post_tag","embeddable":true,"href":"https:\/\/portal.fgeo.gob.mx\/index.php\/wp-json\/wp\/v2\/tags?post=4902"},{"taxonomy":"categoria_noticias","embeddable":true,"href":"https:\/\/portal.fgeo.gob.mx\/index.php\/wp-json\/wp\/v2\/categoria_noticias?post=4902"}],"curies":[{"name":"wp","href":"https:\/\/api.w.org\/{rel}","templated":true}]}}