{"id":4896,"date":"2023-03-09T18:26:14","date_gmt":"2023-03-10T00:26:14","guid":{"rendered":"http:\/\/fge.oaxaca.gob.mx\/?post_type=noticias&amp;p=4896"},"modified":"2023-03-09T18:26:14","modified_gmt":"2023-03-10T00:26:14","slug":"en-operativo-conjunto-con-sspc-fiscalia-de-oaxaca-ejecuta-orden-de-aprehension-contra-extitular-del-instituto-catastral-del-estado","status":"publish","type":"noticias","link":"https:\/\/portal.fgeo.gob.mx\/index.php\/archivos\/noticias\/en-operativo-conjunto-con-sspc-fiscalia-de-oaxaca-ejecuta-orden-de-aprehension-contra-extitular-del-instituto-catastral-del-estado","title":{"rendered":"En operativo conjunto con SSPC, Fiscal\u00eda de Oaxaca ejecuta orden de aprehensi\u00f3n contra extitular del Instituto Catastral del Estado"},"content":{"rendered":"<p style=\"font-weight: 400; text-align: justify;\"><strong>Oaxaca de Ju\u00e1rez, Oax., a 9 de marzo de 2023.-\u00a0<\/strong>La Fiscal\u00eda General del Estado de Oaxaca (FGEO), en coordinaci\u00f3n operativa con la Secretar\u00eda de Seguridad y Protecci\u00f3n Ciudadana, ejecut\u00f3 una orden de aprehensi\u00f3n en contra de una persona del sexo masculino, identificada por las iniciales J. A. Z. M. por el delito de ejercicio Il\u00edcito de la funci\u00f3n p\u00fablica en perjuicio de la Administraci\u00f3n P\u00fablica del Estado de Oaxaca.<\/p>\n<p style=\"font-weight: 400; text-align: justify;\">De acuerdo con las investigaciones realizadas por la FGEO y Fiscal\u00eda Especializada en Materia de Combate a la Corrupci\u00f3n, se estableci\u00f3 que los actos ilegales se cometieron durante el a\u00f1o 2021, cuando el imputado era titular del Instituto Catastral del Estado de Oaxaca.<\/p>\n<p style=\"font-weight: 400; text-align: justify;\">Como resultado de las investigaciones y elementos aportados por la FGEO en relaci\u00f3n al delito de ejercicio il\u00edcito del servicio p\u00fablico en agravio de la Administraci\u00f3n P\u00fablica del Estado de Oaxaca, previsto en el art\u00edculo 207 fracci\u00f3n IV del C\u00f3digo Penal del Estado de Oaxaca y sancionado por el mismo numeral en su \u00faltimo p\u00e1rrafo, un Juez concedi\u00f3 la orden de aprehensi\u00f3n.<\/p>\n<p style=\"font-weight: 400; text-align: justify;\">Ante ello, elementos de la Agencia Estatal de Investigaciones, en coordinaci\u00f3n con la Secretar\u00eda de Seguridad y Protecci\u00f3n Ciudadana, lograron la captura de J. A. Z. M., quien ser\u00e1 presentado en las pr\u00f3ximas horas ante el Juez que atiende la causa para que determine su situaci\u00f3n jur\u00eddica.<\/p>\n<p style=\"font-weight: 400; text-align: justify;\">El combate a la impunidad es uno de los ejes rectores de la Fiscal\u00eda General del Estado de Oaxaca para garantizar el Estado de Derecho.<\/p>\n","protected":false},"author":1,"featured_media":3175,"comment_status":"closed","ping_status":"closed","template":"","tags":[],"categoria_noticias":[],"class_list":["post-4896","noticias","type-noticias","status-publish","has-post-thumbnail","hentry"],"acf":[],"mb":[],"mfb_rest_fields":["title","gutenberg_elementor_mode"],"_links":{"self":[{"href":"https:\/\/portal.fgeo.gob.mx\/index.php\/wp-json\/wp\/v2\/noticias\/4896","targetHints":{"allow":["GET"]}}],"collection":[{"href":"https:\/\/portal.fgeo.gob.mx\/index.php\/wp-json\/wp\/v2\/noticias"}],"about":[{"href":"https:\/\/portal.fgeo.gob.mx\/index.php\/wp-json\/wp\/v2\/types\/noticias"}],"author":[{"embeddable":true,"href":"https:\/\/portal.fgeo.gob.mx\/index.php\/wp-json\/wp\/v2\/users\/1"}],"replies":[{"embeddable":true,"href":"https:\/\/portal.fgeo.gob.mx\/index.php\/wp-json\/wp\/v2\/comments?post=4896"}],"wp:featuredmedia":[{"embeddable":true,"href":"https:\/\/portal.fgeo.gob.mx\/index.php\/wp-json\/"}],"wp:attachment":[{"href":"https:\/\/portal.fgeo.gob.mx\/index.php\/wp-json\/wp\/v2\/media?parent=4896"}],"wp:term":[{"taxonomy":"post_tag","embeddable":true,"href":"https:\/\/portal.fgeo.gob.mx\/index.php\/wp-json\/wp\/v2\/tags?post=4896"},{"taxonomy":"categoria_noticias","embeddable":true,"href":"https:\/\/portal.fgeo.gob.mx\/index.php\/wp-json\/wp\/v2\/categoria_noticias?post=4896"}],"curies":[{"name":"wp","href":"https:\/\/api.w.org\/{rel}","templated":true}]}}