{"id":4835,"date":"2023-01-19T16:23:28","date_gmt":"2023-01-19T22:23:28","guid":{"rendered":"http:\/\/fge.oaxaca.gob.mx\/?post_type=noticias&amp;p=4835"},"modified":"2023-01-19T16:23:28","modified_gmt":"2023-01-19T22:23:28","slug":"fiscalia-de-oaxaca-aprehende-a-persona-del-sexo-masculino-imputada-por-el-delito-de-pederastia-cometido-en-la-costa","status":"publish","type":"noticias","link":"https:\/\/portal.fgeo.gob.mx\/index.php\/archivos\/noticias\/fiscalia-de-oaxaca-aprehende-a-persona-del-sexo-masculino-imputada-por-el-delito-de-pederastia-cometido-en-la-costa","title":{"rendered":"Fiscal\u00eda de Oaxaca aprehende a persona del sexo masculino imputada por el delito de Pederastia cometido en la Costa"},"content":{"rendered":"<p style=\"font-weight: 400; text-align: justify;\"><strong>Oaxaca de Ju\u00e1rez, Oax., 19 de enero de 2023.-\u00a0<\/strong>La Fiscal\u00eda General del Estado de Oaxaca (FGEO) ejecut\u00f3 una orden de aprehensi\u00f3n que libr\u00f3 el Juez de Control en contra de una persona del sexo masculino identificada por las iniciales A. M. J., como probable responsable del delito de pederastia cometido en agravio de un menor de edad en la regi\u00f3n de la Costa.<\/p>\n<p style=\"font-weight: 400; text-align: justify;\">De acuerdo con el expediente penal 561\/2022, los hechos se registraron en diferentes fechas en jurisdicci\u00f3n de San Pedro Mixtepec, cuando el imputado realiz\u00f3 actos sexuales contra un menor de edad, constitutivos del delito de pederastia, motivo por el cual los familiares de la v\u00edctima denunciaron los hechos penalmente.<\/p>\n<p style=\"font-weight: 400; text-align: justify;\">Desde que tuvo conocimiento de este hecho, la Vicefiscal\u00eda Regional de la Costa, a trav\u00e9s de su grupo multidisciplinario recabaron las pruebas necesarias que permitieron obtener la orden de aprehensi\u00f3n que deriv\u00f3 en la intervenci\u00f3n de elementos de la Agencia Estatal de Investigaciones (AEI) que detuvieron a A. M. J. para presentarlo inmediatamente ante el Juez correspondiente.<\/p>\n<p style=\"font-weight: 400; text-align: justify;\">La Fiscal\u00eda General, reitera en los hechos, su compromiso de llevar ante la Justicia a todo aquel que vulnere los derechos y la integridad de ni\u00f1as, ni\u00f1os, adolescentes y Mujeres.<\/p>\n","protected":false},"author":1,"featured_media":3175,"comment_status":"closed","ping_status":"closed","template":"","tags":[],"categoria_noticias":[],"class_list":["post-4835","noticias","type-noticias","status-publish","has-post-thumbnail","hentry"],"acf":[],"mb":[],"mfb_rest_fields":["title","gutenberg_elementor_mode"],"_links":{"self":[{"href":"https:\/\/portal.fgeo.gob.mx\/index.php\/wp-json\/wp\/v2\/noticias\/4835","targetHints":{"allow":["GET"]}}],"collection":[{"href":"https:\/\/portal.fgeo.gob.mx\/index.php\/wp-json\/wp\/v2\/noticias"}],"about":[{"href":"https:\/\/portal.fgeo.gob.mx\/index.php\/wp-json\/wp\/v2\/types\/noticias"}],"author":[{"embeddable":true,"href":"https:\/\/portal.fgeo.gob.mx\/index.php\/wp-json\/wp\/v2\/users\/1"}],"replies":[{"embeddable":true,"href":"https:\/\/portal.fgeo.gob.mx\/index.php\/wp-json\/wp\/v2\/comments?post=4835"}],"wp:featuredmedia":[{"embeddable":true,"href":"https:\/\/portal.fgeo.gob.mx\/index.php\/wp-json\/"}],"wp:attachment":[{"href":"https:\/\/portal.fgeo.gob.mx\/index.php\/wp-json\/wp\/v2\/media?parent=4835"}],"wp:term":[{"taxonomy":"post_tag","embeddable":true,"href":"https:\/\/portal.fgeo.gob.mx\/index.php\/wp-json\/wp\/v2\/tags?post=4835"},{"taxonomy":"categoria_noticias","embeddable":true,"href":"https:\/\/portal.fgeo.gob.mx\/index.php\/wp-json\/wp\/v2\/categoria_noticias?post=4835"}],"curies":[{"name":"wp","href":"https:\/\/api.w.org\/{rel}","templated":true}]}}