{"id":4055,"date":"2022-02-19T12:49:04","date_gmt":"2022-02-19T18:49:04","guid":{"rendered":"http:\/\/fge.oaxaca.gob.mx\/?post_type=noticias&amp;p=4055"},"modified":"2022-02-19T12:49:04","modified_gmt":"2022-02-19T18:49:04","slug":"ejecuta-fiscalia-general-ordenes-de-aprehension-en-las-regiones-de-oaxaca","status":"publish","type":"noticias","link":"https:\/\/portal.fgeo.gob.mx\/index.php\/archivos\/noticias\/ejecuta-fiscalia-general-ordenes-de-aprehension-en-las-regiones-de-oaxaca","title":{"rendered":"Ejecuta Fiscal\u00eda General \u00f3rdenes de aprehensi\u00f3n en las regiones de Oaxaca"},"content":{"rendered":"<p style=\"font-weight: 400; text-align: justify;\"><strong>Oaxaca de Ju\u00e1rez, Oax., 19 de febrero de 2022.-<\/strong>\u00a0Como parte de su combate contra la impunidad, la Fiscal\u00eda General del Estado de Oaxaca (FGEO) cumpliment\u00f3 \u00f3rdenes de aprehensi\u00f3n contra probables responsables de delitos cometidos en las regiones de Valles Centrales, Costa y la Cuenca.<\/p>\n<p style=\"font-weight: 400; text-align: justify;\">El 18 de febrero del a\u00f1o en curso, elementos de la Agencia Estatal de Investigaciones (AEI) aprehendieron en el Fraccionamiento El Retiro de los Valles Centrales a la persona del sexo femenino identificada como I. T. C., probable responsable del delito de tr\u00e1fico de plazas y servicios en agravio de la mujer G. V. A., asentado en la causa penal 778\/2017.<\/p>\n<p style=\"font-weight: 400; text-align: justify;\">En esa misma fecha y producto de una exhaustiva investigaci\u00f3n a cargo de la Vicefiscal\u00eda Regional de la Costa, en la Agencia de Lo de Mej\u00eda, jurisdicci\u00f3n de Santiago Pinotepa Nacional, se dio cumplimiento a la orden de aprehensi\u00f3n asentada en la causa penal 25\/2003 contra A. G. C., probable responsable del delito de homicidio calificado con ventaja en agravio de quien en vida respondi\u00f3 al nombre de E. M.<\/p>\n<p style=\"font-weight: 400; text-align: justify;\">Finalmente, en San Juan Bautista Tuxtepec, en la regi\u00f3n de la Cuenca, elementos de la AEI dieron cumplimiento a la orden de aprehensi\u00f3n asentada en la causa penal 0204\/2017 en contra de F. F. P., probable responsable del delito de violencia familiar en agravio de F. P. R. (padre del imputado).<\/p>\n<p style=\"font-weight: 400; text-align: justify;\">Las tres personas ya fueron presentadas ante la autoridad judicial que las requiri\u00f3, quien determinar\u00e1 su situaci\u00f3n jur\u00eddica en las pr\u00f3ximas horas.<\/p>\n<p style=\"font-weight: 400; text-align: justify;\">Garantizar justicia plena a v\u00edctimas de delitos es un compromiso ineludible de la Fiscal\u00eda General.<\/p>\n","protected":false},"author":1,"featured_media":3175,"comment_status":"closed","ping_status":"closed","template":"","tags":[],"categoria_noticias":[],"class_list":["post-4055","noticias","type-noticias","status-publish","has-post-thumbnail","hentry"],"acf":[],"mb":[],"mfb_rest_fields":["title","gutenberg_elementor_mode"],"_links":{"self":[{"href":"https:\/\/portal.fgeo.gob.mx\/index.php\/wp-json\/wp\/v2\/noticias\/4055","targetHints":{"allow":["GET"]}}],"collection":[{"href":"https:\/\/portal.fgeo.gob.mx\/index.php\/wp-json\/wp\/v2\/noticias"}],"about":[{"href":"https:\/\/portal.fgeo.gob.mx\/index.php\/wp-json\/wp\/v2\/types\/noticias"}],"author":[{"embeddable":true,"href":"https:\/\/portal.fgeo.gob.mx\/index.php\/wp-json\/wp\/v2\/users\/1"}],"replies":[{"embeddable":true,"href":"https:\/\/portal.fgeo.gob.mx\/index.php\/wp-json\/wp\/v2\/comments?post=4055"}],"wp:featuredmedia":[{"embeddable":true,"href":"https:\/\/portal.fgeo.gob.mx\/index.php\/wp-json\/"}],"wp:attachment":[{"href":"https:\/\/portal.fgeo.gob.mx\/index.php\/wp-json\/wp\/v2\/media?parent=4055"}],"wp:term":[{"taxonomy":"post_tag","embeddable":true,"href":"https:\/\/portal.fgeo.gob.mx\/index.php\/wp-json\/wp\/v2\/tags?post=4055"},{"taxonomy":"categoria_noticias","embeddable":true,"href":"https:\/\/portal.fgeo.gob.mx\/index.php\/wp-json\/wp\/v2\/categoria_noticias?post=4055"}],"curies":[{"name":"wp","href":"https:\/\/api.w.org\/{rel}","templated":true}]}}