{"id":2977,"date":"2020-09-15T20:10:16","date_gmt":"2020-09-16T01:10:16","guid":{"rendered":"http:\/\/fge.oaxaca.gob.mx\/?post_type=noticias&amp;p=2977"},"modified":"2020-09-15T20:10:16","modified_gmt":"2020-09-16T01:10:16","slug":"aprehendido-y-vinculado-a-proceso-otro-probable-secuestrador-ya-van-25-llevados-a-prision-este-ano-fiscalia-general","status":"publish","type":"noticias","link":"https:\/\/portal.fgeo.gob.mx\/index.php\/archivos\/noticias\/aprehendido-y-vinculado-a-proceso-otro-probable-secuestrador-ya-van-25-llevados-a-prision-este-ano-fiscalia-general","title":{"rendered":"Aprehendido y vinculado a proceso otro probable  secuestrador; ya van 25 llevados a prisi\u00f3n este a\u00f1o: Fiscal\u00eda General"},"content":{"rendered":"<p style=\"font-weight: 400; text-align: justify;\"><strong>Oaxaca de Ju\u00e1rez, Oax., 15 de septiembre de 2020.<\/strong><strong>&#8211;<\/strong>\u00a0La Fiscal\u00eda General del Estado de Oaxaca (FGEO), aprehendi\u00f3 y logr\u00f3 vincular a proceso al masculino I. G. J., se\u00f1alado como probable responsable del delito de secuestro agravado contra una mujer (cuya identidad es reservada), cometido en la Heroica Ciudad de Tlaxiaco, regi\u00f3n Mixteca.<\/p>\n<p style=\"font-weight: 400; text-align: justify;\">El probable responsable fue aprehendido el pasado 8 de septiembre por Agentes Estatales de Investigaci\u00f3n y presentado ante la autoridad judicial que lo requiri\u00f3, dando cumplimiento a la orden de Aprehensi\u00f3n asentada en la causa penal 191\/2020.<\/p>\n<p style=\"font-weight: 400; text-align: justify;\">De enero a la fecha, la Fiscal\u00eda General ha logrado vincular a proceso a 23 probables secuestradores y obtenido en 2 casos auto de formal prisi\u00f3n.<\/p>\n<p style=\"font-weight: 400; text-align: justify;\">Los hechos se suscitaron el 12 de agosto de 2020, aproximadamente a las 20:30 horas, cuando la v\u00edctima fue privada de su libertad por el imputado y otras personas, al encontrarse en su negocio ubicado en c\u00e9ntricas calles de la Heroica Ciudad de Tlaxiaco. Posteriormente, la trasladaron a una casa de seguridad ubicada en jurisdicci\u00f3n de Santiago Yolom\u00e9catl, exigiendo a familiares de la v\u00edctima una fuerte suma de dinero a cambio de su liberaci\u00f3n.<\/p>\n<p style=\"font-weight: 400; text-align: justify;\">Ante estos hechos y tras la denuncia presentada, la Instituci\u00f3n de procuraci\u00f3n de justicia inici\u00f3 las diligencias correspondientes \u2013a trav\u00e9s de la Vicefiscal\u00eda Regional de la Mixteca- logrando aprehender en primera instancia a los imputados R. C. V. y C. A. M. M., quienes actualmente se encuentran vinculados a proceso.<\/p>\n<p style=\"font-weight: 400; text-align: justify;\">En audiencia y luego de validar los datos de prueba proporcionados por la FGEO, el Juez en turno determin\u00f3 vincular a proceso a I. G. J., imponi\u00e9ndole la medida cautelar de prisi\u00f3n preventiva y otorgando cuatro meses para el cierre de investigaci\u00f3n.<\/p>\n<p style=\"font-weight: 400; text-align: justify;\">Con acciones como \u00e9stas, la Fiscal\u00eda General del Estado de Oaxaca reitera su firme compromiso de procurar justicia en favor de la sociedad, sobre todo en delitos que vulneran la paz y el patrimonio de las familias oaxaque\u00f1as.<\/p>\n","protected":false},"author":1,"featured_media":2817,"comment_status":"closed","ping_status":"closed","template":"","tags":[],"categoria_noticias":[],"class_list":["post-2977","noticias","type-noticias","status-publish","has-post-thumbnail","hentry"],"acf":[],"mb":[],"mfb_rest_fields":["title","gutenberg_elementor_mode"],"_links":{"self":[{"href":"https:\/\/portal.fgeo.gob.mx\/index.php\/wp-json\/wp\/v2\/noticias\/2977","targetHints":{"allow":["GET"]}}],"collection":[{"href":"https:\/\/portal.fgeo.gob.mx\/index.php\/wp-json\/wp\/v2\/noticias"}],"about":[{"href":"https:\/\/portal.fgeo.gob.mx\/index.php\/wp-json\/wp\/v2\/types\/noticias"}],"author":[{"embeddable":true,"href":"https:\/\/portal.fgeo.gob.mx\/index.php\/wp-json\/wp\/v2\/users\/1"}],"replies":[{"embeddable":true,"href":"https:\/\/portal.fgeo.gob.mx\/index.php\/wp-json\/wp\/v2\/comments?post=2977"}],"wp:featuredmedia":[{"embeddable":true,"href":"https:\/\/portal.fgeo.gob.mx\/index.php\/wp-json\/"}],"wp:attachment":[{"href":"https:\/\/portal.fgeo.gob.mx\/index.php\/wp-json\/wp\/v2\/media?parent=2977"}],"wp:term":[{"taxonomy":"post_tag","embeddable":true,"href":"https:\/\/portal.fgeo.gob.mx\/index.php\/wp-json\/wp\/v2\/tags?post=2977"},{"taxonomy":"categoria_noticias","embeddable":true,"href":"https:\/\/portal.fgeo.gob.mx\/index.php\/wp-json\/wp\/v2\/categoria_noticias?post=2977"}],"curies":[{"name":"wp","href":"https:\/\/api.w.org\/{rel}","templated":true}]}}